{"id":109415,"date":"2021-01-16T15:53:00","date_gmt":"2021-01-16T20:53:00","guid":{"rendered":"https:\/\/linitiative.ca\/International\/qui-est-ridha-ben-mosbah-propose-ministre-de-lindustrie-et-aux-pme\/"},"modified":"2021-01-16T15:53:00","modified_gmt":"2021-01-16T20:53:00","slug":"qui-est-ridha-ben-mosbah-propose-ministre-de-lindustrie-et-aux-pme","status":"publish","type":"post","link":"https:\/\/linitiative.ca\/International\/qui-est-ridha-ben-mosbah-propose-ministre-de-lindustrie-et-aux-pme\/","title":{"rendered":"Qui est  Ridha Ben Mosbah propos\u00e9 ministre de  l\u2019Industrie et aux PME"},"content":{"rendered":"<div readability=\"48\">\n<p class=\"c2\">M. Ridha Ben Mosbah est n\u00e9 le 8 avril 1954.\u00a0Il est titulaire du dipl\u00f4me d\u2019ing\u00e9nieur civil des mines (1979) et du certificat en analyse de projets industriels de l\u2019institut de d\u00e9veloppement \u00e9conomique de la Banque Mondiale (1981)<\/p>\n<p class=\"c2\">M. Ben Mosbah entame sa carri\u00e8re professionnelle \u00e0 la Banque de d\u00e9veloppement \u00e9conomique de Tunisie (BDET) en qualit\u00e9 d\u2019analyste de projets industriels (1979-1984).<\/p>\n<p class=\"c2\">En 1984, il int\u00e8gre la compagnie des phosphates Gafsa en qualit\u00e9 de coordinateur de projets d\u2019assistance technique et de restructuration industrielle au sein du m\u00eame \u00e9tablissement.<\/p>\n<p class=\"c2\">De 1992 \u00e0 1998, il est directeur central de l\u2019informatique et de l\u2019organisation \u00e0 la BDET. De 1998 \u00e0 2000, il est charg\u00e9 de mission au cabinet du ministre de l\u2019Industrie.<\/p>\n<p class=\"c2\">Il est ensuite nomm\u00e9 directeur g\u00e9n\u00e9ral des strat\u00e9gies industrielles au minist\u00e8re de l\u2019Industrie et de l\u2019\u00e9nergie (2000-2001) puis directeur g\u00e9n\u00e9ral du bureau de mise \u00e0 niveau dans le m\u00eame d\u00e9partement (2001-2004).<\/p>\n<p class=\"c2\">En novembre 2004, il est nomm\u00e9 secr\u00e9taire d\u2019Etat aupr\u00e8s du ministre de l\u2019Industrie, de l\u2019\u00e9nergie et des PME, charg\u00e9 de l\u2019Energie renouvelable et des industries alimentaires, puis, en janvier 2007, secr\u00e9taire d\u2019Etat aupr\u00e8s du ministre de l\u2019Enseignement sup\u00e9rieur et de la recherche scientifique.<\/p>\n<p class=\"c2\">En juin 2008, M. Ben Mosbah est d\u00e9sign\u00e9 Pr\u00e9sident directeur g\u00e9n\u00e9ral du Groupe chimique tunisien et de la compagnie des phosphates de Gafsa\u00a0(CPG), avant d&rsquo;\u00eatre nomm\u00e9, le 10 juin 2009, en qualit\u00e9 de\u00a0ministre du Commerce et de l\u2019Artisanat, poste qu\u2019il a occup\u00e9 jusqu\u2019\u00e0 fin d\u00e9cembre 2010.<\/p>\n<p class=\"c2\">Il est mari\u00e9 et p\u00e8re de trois enfants<span><span>.<\/span><\/span><\/p>\n<\/div>\n<p>Auteur:<br \/>\n<a href=\"https:\/\/www.leaders.com.tn\/article\/31275-qui-est-ridha-ben-mosbah-propose-ministre-de-l-industrie-et-aux-pme\">Cliquez ici pour lire l&rsquo;article depuis sa source.<\/a><\/p>\n","protected":false},"excerpt":{"rendered":"<p>M. Ridha Ben Mosbah est n\u00e9 le 8 avril 1954.\u00a0Il est titulaire du dipl\u00f4me d\u2019ing\u00e9nieur civil des mines (1979) et du certificat en analyse de projets industriels de l\u2019institut de d\u00e9veloppement \u00e9conomique de la Banque Mondiale (1981) M. Ben Mosbah entame sa carri\u00e8re professionnelle \u00e0 la Banque de d\u00e9veloppement \u00e9conomique de Tunisie (BDET) en qualit\u00e9 [&hellip;]<\/p>\n","protected":false},"author":1772,"featured_media":0,"comment_status":"closed","ping_status":"closed","sticky":false,"template":"","format":"standard","meta":{"fifu_image_url":"","fifu_image_alt":"","footnotes":""},"categories":[73,55],"tags":[],"class_list":["post-109415","post","type-post","status-publish","format-standard","hentry","category-actualite","category-tunisie"],"_links":{"self":[{"href":"https:\/\/linitiative.ca\/International\/wp-json\/wp\/v2\/posts\/109415","targetHints":{"allow":["GET"]}}],"collection":[{"href":"https:\/\/linitiative.ca\/International\/wp-json\/wp\/v2\/posts"}],"about":[{"href":"https:\/\/linitiative.ca\/International\/wp-json\/wp\/v2\/types\/post"}],"author":[{"embeddable":true,"href":"https:\/\/linitiative.ca\/International\/wp-json\/wp\/v2\/users\/1772"}],"replies":[{"embeddable":true,"href":"https:\/\/linitiative.ca\/International\/wp-json\/wp\/v2\/comments?post=109415"}],"version-history":[{"count":0,"href":"https:\/\/linitiative.ca\/International\/wp-json\/wp\/v2\/posts\/109415\/revisions"}],"wp:attachment":[{"href":"https:\/\/linitiative.ca\/International\/wp-json\/wp\/v2\/media?parent=109415"}],"wp:term":[{"taxonomy":"category","embeddable":true,"href":"https:\/\/linitiative.ca\/International\/wp-json\/wp\/v2\/categories?post=109415"},{"taxonomy":"post_tag","embeddable":true,"href":"https:\/\/linitiative.ca\/International\/wp-json\/wp\/v2\/tags?post=109415"}],"curies":[{"name":"wp","href":"https:\/\/api.w.org\/{rel}","templated":true}]}}