{"id":109419,"date":"2021-01-16T04:44:08","date_gmt":"2021-01-16T09:44:08","guid":{"rendered":"https:\/\/linitiative.ca\/International\/whatsapp-repousse-le-changement-de-ses-conditions-dutilisation\/"},"modified":"2021-01-16T04:44:08","modified_gmt":"2021-01-16T09:44:08","slug":"whatsapp-repousse-le-changement-de-ses-conditions-dutilisation","status":"publish","type":"post","link":"https:\/\/linitiative.ca\/International\/whatsapp-repousse-le-changement-de-ses-conditions-dutilisation\/","title":{"rendered":"WhatsApp repousse le changement de ses conditions d\u2019utilisation"},"content":{"rendered":"<p><strong>Sous le feu des critiques apr\u00e8s l\u2019annonce d\u2019une modification de ses conditions d\u2019utilisation, la plateforme de messagerie mobile WhatsApp a d\u00e9cid\u00e9 de<\/strong> <strong>repousser de trois mois le changement de ses nouvelles conditions d\u2019utilisation.<\/strong><\/p>\n<div class=\"c10\"\/>\n<p>Cherchant \u00e0 rassurer les utilisateurs sur la protection de leurs donn\u00e9es personnelles, les modifications, qui devaient entrer en vigueur le 8 f\u00e9vrier, ne seront plus effectives qu\u2019\u00e0 partir du 15 mai. \u00ab\u00a0Nous retardons d\u00e9sormais la date \u00e0 laquelle les utilisateurs devront relire et accepter les conditions\u00a0\u00bb, a indiqu\u00e9 Whatsapp dans un article de blog. La compagnie a tenu \u00e0 assurer que la mise \u00e0 jour ne \u00ab\u00a0renforcerait pas notre capacit\u00e9 \u00e0 partager des donn\u00e9es avec Facebook\u00a0\u00bb, mais \u00e9tait avant tout destin\u00e9e \u00e0 aider des entreprises \u00e0 mieux communiquer avec leurs clients via la plateforme.<\/p>\n<p><strong>Lire aussi|\u00a0<a href=\"https:\/\/www.challenge.ma\/transport-de-marchandises-dangereuses-le-maroc-et-lespagne-signent-un-contrat-de-jumelage-172137\/\">Transport de marchandises dangereuses : le Maroc et l\u2019Espagne signent un contrat de jumelage<\/a><\/strong><\/p>\n<p>La semaine derni\u00e8re, WhatsApp avait demand\u00e9 \u00e0 ses quelque deux milliards d\u2019utilisateurs d\u2019accepter de nouvelles conditions avant le 8 f\u00e9vrier sous peine de ne plus pouvoir acc\u00e9der \u00e0 leur compte. Cette d\u00e9cision a \u00e9t\u00e9 interpr\u00e9t\u00e9e par de nombreux d\u00e9tracteurs comme une tentative de la plateforme de partager davantage de donn\u00e9es avec la maison m\u00e8re, Facebook, qui a rachet\u00e9 WhatsApp en 2014.<\/p>\n<p>La plateforme avait tent\u00e9 de calmer l\u2019incendie \u00e0 coups d\u2019annonces rassurantes et de campagnes publicitaires, mais des services concurrents, comme Signal et Telegram, ont pu profiter de la confusion et vu leurs t\u00e9l\u00e9chargements s\u2019envoler sur les magasins en ligne Apple Store et Google Play dans plusieurs pays.<\/p>\n<blockquote class=\"twitter-tweet\">\n<p lang=\"en\" dir=\"ltr\">Thank you to everyone who\u2019s reached out. We\u2019re still working to counter any confusion by communicating directly with <a href=\"https:\/\/twitter.com\/WhatsApp?ref_src=twsrc%5Etfw\">@WhatsApp<\/a> users. No one will have their account suspended or deleted on Feb 8 and we\u2019ll be moving back our business plans until after May \u2013 <a href=\"https:\/\/t.co\/H3DeSS0QfO\">https:\/\/t.co\/H3DeSS0QfO<\/a><\/p>\n<p>\u2014 WhatsApp (@WhatsApp) <a href=\"https:\/\/twitter.com\/WhatsApp\/status\/1350166558862053377?ref_src=twsrc%5Etfw\">January 15, 2021<\/a><\/p><\/blockquote>\n<p><strong>Lire aussi|\u00a0<a href=\"https:\/\/www.challenge.ma\/larabi-jaidi-des-signes-de-lamorce-dun-debut-de-convalescence-se-manifestent-172135\/\">Larabi Ja\u00efdi : \u00ab Des signes de l\u2019amorce d\u2019un d\u00e9but de convalescence se manifestent \u00bb<\/a><\/strong><\/p>\n<p>Avec AFP<\/p>\n<p>Auteur: Hajar DARI<br \/>\n<a href=\"https:\/\/www.challenge.ma\/whatsapp-repousse-le-changement-de-ses-conditions-dutilisation-172197\/\">Cliquez ici pour lire l&rsquo;article depuis sa source.<\/a><\/p>\n","protected":false},"excerpt":{"rendered":"<p>Sous le feu des critiques apr\u00e8s l\u2019annonce d\u2019une modification de ses conditions d\u2019utilisation, la plateforme de messagerie mobile WhatsApp a d\u00e9cid\u00e9 de repousser de trois mois le changement de ses nouvelles conditions d\u2019utilisation. Cherchant \u00e0 rassurer les utilisateurs sur la protection de leurs donn\u00e9es personnelles, les modifications, qui devaient entrer en vigueur le 8 f\u00e9vrier, [&hellip;]<\/p>\n","protected":false},"author":1787,"featured_media":0,"comment_status":"closed","ping_status":"closed","sticky":false,"template":"","format":"standard","meta":{"fifu_image_url":"","fifu_image_alt":"","footnotes":""},"categories":[78,54],"tags":[],"class_list":["post-109419","post","type-post","status-publish","format-standard","hentry","category-economie","category-maroc"],"_links":{"self":[{"href":"https:\/\/linitiative.ca\/International\/wp-json\/wp\/v2\/posts\/109419","targetHints":{"allow":["GET"]}}],"collection":[{"href":"https:\/\/linitiative.ca\/International\/wp-json\/wp\/v2\/posts"}],"about":[{"href":"https:\/\/linitiative.ca\/International\/wp-json\/wp\/v2\/types\/post"}],"author":[{"embeddable":true,"href":"https:\/\/linitiative.ca\/International\/wp-json\/wp\/v2\/users\/1787"}],"replies":[{"embeddable":true,"href":"https:\/\/linitiative.ca\/International\/wp-json\/wp\/v2\/comments?post=109419"}],"version-history":[{"count":0,"href":"https:\/\/linitiative.ca\/International\/wp-json\/wp\/v2\/posts\/109419\/revisions"}],"wp:attachment":[{"href":"https:\/\/linitiative.ca\/International\/wp-json\/wp\/v2\/media?parent=109419"}],"wp:term":[{"taxonomy":"category","embeddable":true,"href":"https:\/\/linitiative.ca\/International\/wp-json\/wp\/v2\/categories?post=109419"},{"taxonomy":"post_tag","embeddable":true,"href":"https:\/\/linitiative.ca\/International\/wp-json\/wp\/v2\/tags?post=109419"}],"curies":[{"name":"wp","href":"https:\/\/api.w.org\/{rel}","templated":true}]}}