{"id":109420,"date":"2021-01-16T06:22:04","date_gmt":"2021-01-16T11:22:04","guid":{"rendered":"https:\/\/linitiative.ca\/International\/telemedecine-au-maroc-nouvelles-conditions-de-pratique\/"},"modified":"2021-01-16T06:22:04","modified_gmt":"2021-01-16T11:22:04","slug":"telemedecine-au-maroc-nouvelles-conditions-de-pratique","status":"publish","type":"post","link":"https:\/\/linitiative.ca\/International\/telemedecine-au-maroc-nouvelles-conditions-de-pratique\/","title":{"rendered":"T\u00e9l\u00e9m\u00e9decine au Maroc : nouvelles conditions de pratique"},"content":{"rendered":"<p><strong>Les services de t\u00e9l\u00e9m\u00e9decine ont connu un essor sans pr\u00e9c\u00e9dent pendant la p\u00e9riode de confinement au Royaume, en particulier en milieu urbain. Certaines dispositions relatives \u00e0 cette technique au Maroc ont \u00e9t\u00e9 r\u00e9vis\u00e9es en vertu d\u2019un nouveau d\u00e9cret.<\/strong><\/p>\n<div class=\"c10\"\/>\n<p>Le Conseil de gouvernement a adopt\u00e9, ce jeudi 14 janvier, le projet de d\u00e9cret n\u00b02.20.675 modifiant et compl\u00e9tant le d\u00e9cret n\u00b02.18.378 relatif \u00e0 la t\u00e9l\u00e9m\u00e9decine. Certaines dispositions de ce projet, pr\u00e9sent\u00e9 par le ministre de la Sant\u00e9, ont \u00e9t\u00e9 r\u00e9vis\u00e9es dans le but de modifier la d\u00e9finition de la consultation m\u00e9dicale mentionn\u00e9e \u00e0 l\u2019article 1 du d\u00e9cret et les composantes du dossier de demande de licence, en stipulant l\u2019obligation de fournir, pour les demandeurs, une copie de l\u2019autorisation pr\u00e9alable de traitement des donn\u00e9es \u00e0 caract\u00e8re personnel livr\u00e9e par la Commission nationale de contr\u00f4le de la protection des donn\u00e9es \u00e0 caract\u00e8re personnel (CNDP), a indiqu\u00e9 Saaid Amzazi, Porte-parole du gouvernement.<\/p>\n<p><strong>Lire aussi|\u00a0<\/strong><a href=\"https:\/\/www.challenge.ma\/nasser-bourita-la-prise-de-position-americaine-sur-le-conflit-regional-autour-du-sahara-marocain-permet-de-sortir-de-limpasse-172169\/\"><strong>Nasser Bourita : \u00ab La prise de position am\u00e9ricaine sur le conflit r\u00e9gional autour du Sahara marocain permet de sortir de l\u2019impasse \u00bb<\/strong><\/a><\/p>\n<p>De m\u00eame, cette r\u00e9vision porte sur la stipulation de la pr\u00e9sence d\u2019un repr\u00e9sentant de l\u2019Ordre national des m\u00e9decins lors de la visite de conformit\u00e9 pr\u00e9vue en vertu de l\u2019article 5 du d\u00e9cret, la reconsid\u00e9ration de la composition du Comit\u00e9 de T\u00e9l\u00e9m\u00e9decine pr\u00e9vu par l\u2019article 8 du d\u00e9cret et la stipulation \u00e0 l\u2019article 10 du m\u00eame texte que le Conseil national de l\u2019ordre national des m\u00e9decins \u00e9labore le mod\u00e8le des accords conclus r\u00e9gissant l\u2019activit\u00e9 de t\u00e9l\u00e9m\u00e9decine, a ajout\u00e9 Saaid Amzazi lors d\u2019un point de presse \u00e0 l\u2019issue du Conseil. Il a \u00e9galement \u00e9t\u00e9 proc\u00e9d\u00e9 au remplacement de la phrase \u201cinformations \u00e0 caract\u00e8re personnel\u201d contenue dans l\u2019article 13 du d\u00e9cret par \u201cdonn\u00e9es \u00e0 caract\u00e8re personnel\u201d.<\/p>\n<p><strong>Lire aussi|\u00a0<a href=\"https:\/\/www.challenge.ma\/larabi-jaidi-des-signes-de-lamorce-dun-debut-de-convalescence-se-manifestent-172135\/\">Larabi Ja\u00efdi : \u00ab Des signes de l\u2019amorce d\u2019un d\u00e9but de convalescence se manifestent \u00bb<\/a><\/strong><\/p>\n<p>De son cot\u00e9 le Conseil National de l\u2019Ordre des M\u00e9decins avait mis en place un portail de \u201cT\u00e9l\u00e9conseil\u201c (tbib24.ma) qui a connu un grand succ\u00e8s depuis l\u2019arriv\u00e9e de la pand\u00e9mie Covid-19 au Royaume, aussi bien de la part des nombreux m\u00e9decins volontaires toutes sp\u00e9cialit\u00e9s confondues qui s\u2019y sont spontan\u00e9ment inscrits que de la part des patients qui ont saut\u00e9 sur cette aubaine qu\u2019ils attendaient tant.<\/p>\n<p>Auteur: Hajar DARI<br \/>\n<a href=\"https:\/\/www.challenge.ma\/telemedecine-au-maroc-nouvelles-conditions-de-pratique-172192\/\">Cliquez ici pour lire l&rsquo;article depuis sa source.<\/a><\/p>\n","protected":false},"excerpt":{"rendered":"<p>Les services de t\u00e9l\u00e9m\u00e9decine ont connu un essor sans pr\u00e9c\u00e9dent pendant la p\u00e9riode de confinement au Royaume, en particulier en milieu urbain. Certaines dispositions relatives \u00e0 cette technique au Maroc ont \u00e9t\u00e9 r\u00e9vis\u00e9es en vertu d\u2019un nouveau d\u00e9cret. Le Conseil de gouvernement a adopt\u00e9, ce jeudi 14 janvier, le projet de d\u00e9cret n\u00b02.20.675 modifiant et [&hellip;]<\/p>\n","protected":false},"author":1787,"featured_media":0,"comment_status":"closed","ping_status":"closed","sticky":false,"template":"","format":"standard","meta":{"fifu_image_url":"","fifu_image_alt":"","footnotes":""},"categories":[78,54],"tags":[],"class_list":["post-109420","post","type-post","status-publish","format-standard","hentry","category-economie","category-maroc"],"_links":{"self":[{"href":"https:\/\/linitiative.ca\/International\/wp-json\/wp\/v2\/posts\/109420","targetHints":{"allow":["GET"]}}],"collection":[{"href":"https:\/\/linitiative.ca\/International\/wp-json\/wp\/v2\/posts"}],"about":[{"href":"https:\/\/linitiative.ca\/International\/wp-json\/wp\/v2\/types\/post"}],"author":[{"embeddable":true,"href":"https:\/\/linitiative.ca\/International\/wp-json\/wp\/v2\/users\/1787"}],"replies":[{"embeddable":true,"href":"https:\/\/linitiative.ca\/International\/wp-json\/wp\/v2\/comments?post=109420"}],"version-history":[{"count":0,"href":"https:\/\/linitiative.ca\/International\/wp-json\/wp\/v2\/posts\/109420\/revisions"}],"wp:attachment":[{"href":"https:\/\/linitiative.ca\/International\/wp-json\/wp\/v2\/media?parent=109420"}],"wp:term":[{"taxonomy":"category","embeddable":true,"href":"https:\/\/linitiative.ca\/International\/wp-json\/wp\/v2\/categories?post=109420"},{"taxonomy":"post_tag","embeddable":true,"href":"https:\/\/linitiative.ca\/International\/wp-json\/wp\/v2\/tags?post=109420"}],"curies":[{"name":"wp","href":"https:\/\/api.w.org\/{rel}","templated":true}]}}