{"id":109424,"date":"2021-01-16T17:00:51","date_gmt":"2021-01-16T22:00:51","guid":{"rendered":"https:\/\/linitiative.ca\/International\/remaniement-ministeriel-quen-pense-ennahdha-des-nouveaux-ministres-enregistrement\/"},"modified":"2021-01-16T17:00:51","modified_gmt":"2021-01-16T22:00:51","slug":"remaniement-ministeriel-quen-pense-ennahdha-des-nouveaux-ministres-enregistrement","status":"publish","type":"post","link":"https:\/\/linitiative.ca\/International\/remaniement-ministeriel-quen-pense-ennahdha-des-nouveaux-ministres-enregistrement\/","title":{"rendered":"Remaniement minist\u00e9riel : Qu\u2019en pense Ennahdha des nouveaux ministres ?  [enregistrement]"},"content":{"rendered":"<div class=\"post-cont-in left relative\">\n<div id=\"post-info-wrap\" class=\"left relative post-info-out\">\n<div class=\"post-info-img left relative\"><img loading=\"lazy\" decoding=\"async\" alt=\"\" src=\"https:\/\/secure.gravatar.com\/avatar\/ea481d7287ad38ca1787f44b5bb1b70e?s=50&amp;d=mm&amp;r=g\" srcset=\"https:\/\/secure.gravatar.com\/avatar\/ea481d7287ad38ca1787f44b5bb1b70e?s=100&amp;d=mm&amp;r=g 2x\" class=\"avatar avatar-50 photo\" height=\"50\" width=\"50\"\/><\/div>\n<div class=\"post-info-in\">\n<div class=\"post-info-right left relative post-info-name left relative\"><span><span class=\"post-info-text\">Par<\/span> <span class=\"author-name vcard fn author\"><a href=\"https:\/\/www.tunisienumerique.com\/author\/rania-ben-slimane\/\" title=\"Articles par rania ben slimane\" rel=\"author\">rania ben slimane<\/a><\/span><\/span> <span class=\"post-date updated\"><time class=\"post-date updated\" datetime=\"2021-01-16\">\u00a0| Il y a 15 minutes<\/time><\/span><\/div>\n<div class=\"left relative\"><button id=\"listenButton1\" class=\"responsivevoice-button\" type=\"button\" value=\"Play\" title=\"&#xC9;coutez l'article\"><span>\ud83d\udd0a \u00c9coutez l&rsquo;article<\/span><\/button> <\/div>\n<\/div>\n<\/div>\n<p>Le Chef du mouvement Ennahdha, Ali Larayedh, a d\u00e9clar\u00e9 que tout remaniement minist\u00e9riel rel\u00e8ve du Chef du gouvernement, Hichem Mechichi.<\/p>\n<div class=\"code-block code-block-1 c4\"><ins class=\"adsbygoogle c3\" data-ad-layout=\"in-article\" data-ad-format=\"fluid\" data-ad-client=\"ca-pub-2102118777505746\" data-ad-slot=\"7301775417\"\/> <\/div>\n<p>Larayedh a ajout\u00e9 dans une d\u00e9claration \u00e0 Tunisie num\u00e9rique le 16 janvier 2021 que: \u201c<em>Certains des nouveaux ministres ont \u00e9t\u00e9 nomm\u00e9s auparavant, la majorit\u00e9 d\u2019entre eux ont eu un bon rendement et sont des comp\u00e9tence respectables voire tr\u00e8s respectables<\/em>\u201c.<\/p>\n<p>Il a poursuivi: \u201c<em>Je pense que le Chef du gouvernement a men\u00e9 plusieurs consultations avant de choisir les nouveaux ministres\u2026 et il ne fait quelque chose que si il est certain de son approbation et je l\u2019esp\u00e8re<\/em>. \u00bb<\/p>\n<p>Il est \u00e0 noter que le Premier ministre a annonc\u00e9 ce soir, samedi, un remaniement minist\u00e9riel comprenant 11 minist\u00e8res.<\/p>\n<p><a href=\"https:\/\/www.tunisienumerique.com\/wp-content\/uploads\/2021\/01\/audio-ali-larayedh.mp3\">https:\/\/www.tunisienumerique.com\/wp-content\/uploads\/2021\/01\/audio-ali-larayedh.mp3<\/a><\/p>\n<div class=\"swp_social_panel swp_horizontal_panel swp_flat_fresh swp_default_full_color swp_individual_full_color swp_other_full_color scale-100 scale-\" data-min-width=\"1100\" data-float-color=\"#ffffff\" data-float=\"bottom\" data-float-mobile=\"bottom\" data-transition=\"slide\">\n<div class=\"nc_tweetContainer swp_share_button total_shares total_sharesalt\"><span class=\"swp_count\">3 <span class=\"swp_label\">Partages<\/span><\/span><\/div>\n<\/div>\n<p><strong>Que se passe-t-il en Tunisie?<\/strong><br \/>Nous expliquons sur notre <a href=\"https:\/\/www.youtube.com\/channel\/UCRzypVq0B_yBad5eGrwBx0Q?sub_confirmation=1\" target=\"_blank\" rel=\"noopener\">cha\u00eene YouTube<\/a> . <a href=\"https:\/\/www.youtube.com\/channel\/UCRzypVq0B_yBad5eGrwBx0Q?sub_confirmation=1\" target=\"_blank\" rel=\"noopener\">Abonnez-vous!<\/a><\/p>\n<div class=\"mvp-org-wrap mvp-org-logo\" itemprop=\"publisher\"><img decoding=\"async\" src=\"https:\/\/www.tunisienumerique.com\/wp-content\/uploads\/2017\/02\/logo_tunisie_numerique.png\"\/><\/div>\n<div class=\"mvp-related-posts left relative\">\n<h4 class=\"post-header\"><span class=\"post-header\">Lire aussi<\/span><\/h4>\n<\/div>\n<div id=\"article-ad\"><ins class=\"adsbygoogle c5\" data-ad-client=\"ca-pub-2102118777505746\" data-ad-slot=\"6513972734\" data-ad-format=\"auto\" data-full-width-responsive=\"true\"\/> <\/div>\n<\/div>\n<div id=\"post-sidebar-wrap\"><ins class=\"adsbygoogle c5\" data-ad-client=\"ca-pub-2102118777505746\" data-ad-slot=\"6168283410\" data-ad-format=\"auto\" data-full-width-responsive=\"true\"\/> <\/div>\n<p>Auteur: rania ben slimane<br \/>\n<a href=\"https:\/\/www.tunisienumerique.com\/remaniement-ministeriel-quen-pense-ennahdha-des-nouveaux-ministres-enregistrement\/\">Cliquez ici pour lire l&rsquo;article depuis sa source.<\/a><\/p>\n","protected":false},"excerpt":{"rendered":"<p>Par rania ben slimane \u00a0| Il y a 15 minutes \ud83d\udd0a \u00c9coutez l&rsquo;article Le Chef du mouvement Ennahdha, Ali Larayedh, a d\u00e9clar\u00e9 que tout remaniement minist\u00e9riel rel\u00e8ve du Chef du gouvernement, Hichem Mechichi. Larayedh a ajout\u00e9 dans une d\u00e9claration \u00e0 Tunisie num\u00e9rique le 16 janvier 2021 que: \u201cCertains des nouveaux ministres ont \u00e9t\u00e9 nomm\u00e9s auparavant, [&hellip;]<\/p>\n","protected":false},"author":1789,"featured_media":0,"comment_status":"closed","ping_status":"closed","sticky":false,"template":"","format":"standard","meta":{"fifu_image_url":"https:\/\/secure.gravatar.com\/avatar\/ea481d7287ad38ca1787f44b5bb1b70e?s=50&d=mm&r=g","fifu_image_alt":"Remaniement minist\u00e9riel : Qu\u2019en pense Ennahdha des nouveaux ministres ?  [enregistrement]","footnotes":""},"categories":[73,55],"tags":[],"class_list":["post-109424","post","type-post","status-publish","format-standard","hentry","category-actualite","category-tunisie"],"_links":{"self":[{"href":"https:\/\/linitiative.ca\/International\/wp-json\/wp\/v2\/posts\/109424","targetHints":{"allow":["GET"]}}],"collection":[{"href":"https:\/\/linitiative.ca\/International\/wp-json\/wp\/v2\/posts"}],"about":[{"href":"https:\/\/linitiative.ca\/International\/wp-json\/wp\/v2\/types\/post"}],"author":[{"embeddable":true,"href":"https:\/\/linitiative.ca\/International\/wp-json\/wp\/v2\/users\/1789"}],"replies":[{"embeddable":true,"href":"https:\/\/linitiative.ca\/International\/wp-json\/wp\/v2\/comments?post=109424"}],"version-history":[{"count":0,"href":"https:\/\/linitiative.ca\/International\/wp-json\/wp\/v2\/posts\/109424\/revisions"}],"wp:attachment":[{"href":"https:\/\/linitiative.ca\/International\/wp-json\/wp\/v2\/media?parent=109424"}],"wp:term":[{"taxonomy":"category","embeddable":true,"href":"https:\/\/linitiative.ca\/International\/wp-json\/wp\/v2\/categories?post=109424"},{"taxonomy":"post_tag","embeddable":true,"href":"https:\/\/linitiative.ca\/International\/wp-json\/wp\/v2\/tags?post=109424"}],"curies":[{"name":"wp","href":"https:\/\/api.w.org\/{rel}","templated":true}]}}