{"id":109425,"date":"2021-01-16T17:18:45","date_gmt":"2021-01-16T22:18:45","guid":{"rendered":"https:\/\/linitiative.ca\/International\/le-remaniement-ministeriel-et-son-adoption-parlementaire-salsabil-klibi-clarifie-audio\/"},"modified":"2021-01-16T17:18:45","modified_gmt":"2021-01-16T22:18:45","slug":"le-remaniement-ministeriel-et-son-adoption-parlementaire-salsabil-klibi-clarifie-audio","status":"publish","type":"post","link":"https:\/\/linitiative.ca\/International\/le-remaniement-ministeriel-et-son-adoption-parlementaire-salsabil-klibi-clarifie-audio\/","title":{"rendered":"Le Remaniement minist\u00e9riel et son adoption parlementaire : Salsabil Klibi clarifie [Audio]"},"content":{"rendered":"<div class=\"post-cont-in left relative\">\n<div id=\"post-info-wrap\" class=\"left relative post-info-out\">\n<div class=\"post-info-img left relative\"><img loading=\"lazy\" decoding=\"async\" alt=\"\" src=\"https:\/\/secure.gravatar.com\/avatar\/ea481d7287ad38ca1787f44b5bb1b70e?s=50&amp;d=mm&amp;r=g\" srcset=\"https:\/\/secure.gravatar.com\/avatar\/ea481d7287ad38ca1787f44b5bb1b70e?s=100&amp;d=mm&amp;r=g 2x\" class=\"avatar avatar-50 photo\" height=\"50\" width=\"50\"\/><\/div>\n<div class=\"post-info-in\">\n<div class=\"post-info-right left relative post-info-name left relative\"><span><span class=\"post-info-text\">Par<\/span> <span class=\"author-name vcard fn author\"><a href=\"https:\/\/www.tunisienumerique.com\/author\/rania-ben-slimane\/\" title=\"Articles par rania ben slimane\" rel=\"author\">rania ben slimane<\/a><\/span><\/span> <span class=\"post-date updated\"><time class=\"post-date updated\" datetime=\"2021-01-16\">\u00a0| Il y a 24 secondes<\/time><\/span><\/div>\n<div class=\"left relative\"><button id=\"listenButton1\" class=\"responsivevoice-button\" type=\"button\" value=\"Play\" title=\"&#xC9;coutez l'article\"><span>\ud83d\udd0a \u00c9coutez l&rsquo;article<\/span><\/button> <\/div>\n<\/div>\n<\/div>\n<p>Le professeur de Droit Constitutionnel Salsabil Klibi a d\u00e9clar\u00e9 dans un entretien t\u00e9l\u00e9phonique accord\u00e9 \u00e0 Tunisie num\u00e9rique ce soir, samedi, 16 janvier 2021, que la constitution ne pr\u00e9voit pas le passage d\u2019un gouvernement remani\u00e9 au vote parlementaire, mais le stipule plut\u00f4t lors de la constitution d\u2019un gouvernement.<\/p>\n<div class=\"code-block code-block-1 c4\"><ins class=\"adsbygoogle c3\" data-ad-layout=\"in-article\" data-ad-format=\"fluid\" data-ad-client=\"ca-pub-2102118777505746\" data-ad-slot=\"7301775417\"\/> <\/div>\n<p>Elle a expliqu\u00e9 qu\u2019un article a \u00e9t\u00e9 inclus dans le r\u00e8glement int\u00e9rieur de l\u2019Assembl\u00e9e des Repr\u00e9sentants du Peuple, qui stipule la n\u00e9cessit\u00e9 d\u2019accorder la confiance m\u00eame si un seul ministre a \u00e9t\u00e9 modifi\u00e9, consid\u00e9rant que cet article est ill\u00e9gal car il est en contradiction avec la constitution.<\/p>\n<p>En ce qui concerne le m\u00e9canisme de vote, Klibi a d\u00e9clar\u00e9 que le vote est sur l\u2019ensemble des nouveaux ministres et non pas le contraire.<\/p>\n<p>Elle a \u00e9galement confirm\u00e9 qu\u2019il n\u2019y a pas de date limite l\u00e9gale pour soumettre le remaniement minist\u00e9riel au parlement pour l\u2019adopter, \u00e9tant donn\u00e9 que la constitution ne le pr\u00e9voit pas.<\/p>\n<p>Il est \u00e0 noter que le Premier ministre a annonc\u00e9 ce soir, samedi, une transformation minist\u00e9rielle qui comprenait 11 minist\u00e8res. Il a \u00e9galement annonc\u00e9 son intention de s\u2019adresser au Parlement pour obtenir son approbation.<\/p>\n<p><a href=\"https:\/\/www.tunisienumerique.com\/wp-content\/uploads\/2021\/01\/salsabil-klibi-audio.mp3\">https:\/\/www.tunisienumerique.com\/wp-content\/uploads\/2021\/01\/salsabil-klibi-audio.mp3<\/a><\/p>\n<div class=\"swp_social_panel swp_horizontal_panel swp_flat_fresh swp_default_full_color swp_individual_full_color swp_other_full_color scale-100 scale-\" data-min-width=\"1100\" data-float-color=\"#ffffff\" data-float=\"bottom\" data-float-mobile=\"bottom\" data-transition=\"slide\">\n<div class=\"nc_tweetContainer swp_share_button total_shares total_sharesalt\"><span class=\"swp_count\">0 <span class=\"swp_label\">Partages<\/span><\/span><\/div>\n<\/div>\n<p><strong>Que se passe-t-il en Tunisie?<\/strong><br \/>Nous expliquons sur notre <a href=\"https:\/\/www.youtube.com\/channel\/UCRzypVq0B_yBad5eGrwBx0Q?sub_confirmation=1\" target=\"_blank\" rel=\"noopener\">cha\u00eene YouTube<\/a> . <a href=\"https:\/\/www.youtube.com\/channel\/UCRzypVq0B_yBad5eGrwBx0Q?sub_confirmation=1\" target=\"_blank\" rel=\"noopener\">Abonnez-vous!<\/a><\/p>\n<div class=\"mvp-org-wrap mvp-org-logo\" itemprop=\"publisher\"><img decoding=\"async\" src=\"https:\/\/www.tunisienumerique.com\/wp-content\/uploads\/2017\/02\/logo_tunisie_numerique.png\"\/><\/div>\n<div class=\"mvp-related-posts left relative\">\n<h4 class=\"post-header\"><span class=\"post-header\">Lire aussi<\/span><\/h4>\n<\/div>\n<div id=\"article-ad\"><ins class=\"adsbygoogle c5\" data-ad-client=\"ca-pub-2102118777505746\" data-ad-slot=\"6513972734\" data-ad-format=\"auto\" data-full-width-responsive=\"true\"\/> <\/div>\n<\/div>\n<div id=\"post-sidebar-wrap\"><ins class=\"adsbygoogle c5\" data-ad-client=\"ca-pub-2102118777505746\" data-ad-slot=\"6168283410\" data-ad-format=\"auto\" data-full-width-responsive=\"true\"\/> <\/div>\n<p>Auteur: rania ben slimane<br \/>\n<a href=\"https:\/\/www.tunisienumerique.com\/le-remaniement-ministeriel-et-son-adoption-parlementaire-salsabil-klibi-clarifie-audio\/\">Cliquez ici pour lire l&rsquo;article depuis sa source.<\/a><\/p>\n","protected":false},"excerpt":{"rendered":"<p>Par rania ben slimane \u00a0| Il y a 24 secondes \ud83d\udd0a \u00c9coutez l&rsquo;article Le professeur de Droit Constitutionnel Salsabil Klibi a d\u00e9clar\u00e9 dans un entretien t\u00e9l\u00e9phonique accord\u00e9 \u00e0 Tunisie num\u00e9rique ce soir, samedi, 16 janvier 2021, que la constitution ne pr\u00e9voit pas le passage d\u2019un gouvernement remani\u00e9 au vote parlementaire, mais le stipule plut\u00f4t lors [&hellip;]<\/p>\n","protected":false},"author":1789,"featured_media":0,"comment_status":"closed","ping_status":"closed","sticky":false,"template":"","format":"standard","meta":{"fifu_image_url":"https:\/\/secure.gravatar.com\/avatar\/ea481d7287ad38ca1787f44b5bb1b70e?s=50&d=mm&r=g","fifu_image_alt":"Le Remaniement minist\u00e9riel et son adoption parlementaire : Salsabil Klibi clarifie [Audio]","footnotes":""},"categories":[73,55],"tags":[],"class_list":["post-109425","post","type-post","status-publish","format-standard","hentry","category-actualite","category-tunisie"],"_links":{"self":[{"href":"https:\/\/linitiative.ca\/International\/wp-json\/wp\/v2\/posts\/109425","targetHints":{"allow":["GET"]}}],"collection":[{"href":"https:\/\/linitiative.ca\/International\/wp-json\/wp\/v2\/posts"}],"about":[{"href":"https:\/\/linitiative.ca\/International\/wp-json\/wp\/v2\/types\/post"}],"author":[{"embeddable":true,"href":"https:\/\/linitiative.ca\/International\/wp-json\/wp\/v2\/users\/1789"}],"replies":[{"embeddable":true,"href":"https:\/\/linitiative.ca\/International\/wp-json\/wp\/v2\/comments?post=109425"}],"version-history":[{"count":0,"href":"https:\/\/linitiative.ca\/International\/wp-json\/wp\/v2\/posts\/109425\/revisions"}],"wp:attachment":[{"href":"https:\/\/linitiative.ca\/International\/wp-json\/wp\/v2\/media?parent=109425"}],"wp:term":[{"taxonomy":"category","embeddable":true,"href":"https:\/\/linitiative.ca\/International\/wp-json\/wp\/v2\/categories?post=109425"},{"taxonomy":"post_tag","embeddable":true,"href":"https:\/\/linitiative.ca\/International\/wp-json\/wp\/v2\/tags?post=109425"}],"curies":[{"name":"wp","href":"https:\/\/api.w.org\/{rel}","templated":true}]}}