{"id":109427,"date":"2021-01-16T10:18:02","date_gmt":"2021-01-16T15:18:02","guid":{"rendered":"https:\/\/linitiative.ca\/International\/ouganda-museveni-reelu-pour-un-6e-mandat\/"},"modified":"2021-01-16T10:18:02","modified_gmt":"2021-01-16T15:18:02","slug":"ouganda-museveni-reelu-pour-un-6e-mandat","status":"publish","type":"post","link":"https:\/\/linitiative.ca\/International\/ouganda-museveni-reelu-pour-un-6e-mandat\/","title":{"rendered":"Ouganda: Museveni r\u00e9\u00e9lu pour un 6e mandat"},"content":{"rendered":"<div readability=\"32\">\n<p>Publi\u00e9 le 16.01.2021 \u00e0 16h18 par APA News<\/p>\n<\/div>\n<div readability=\"55\">\n<p>Le pr\u00e9sident sortant de l\u2019Ouganda, Yoweri Museveni, est r\u00e9\u00e9lu pour un 6e mandat \u00e0 la t\u00eate de ce pays d\u2019Afrique de l\u2019Est.M. Museveni, 86 ans, passe ainsi au premier tour avec\u00a058,6% des voix \u00e0 l\u2019issue de la pr\u00e9sidentielle du 14 janvier 2021, selon les r\u00e9sultats publi\u00e9s samedi par la commission \u00e9lectorale du pays.<\/p>\n<p>Son principal adversaire, le chanteur devenu d\u00e9put\u00e9, Bobi Wine a r\u00e9colt\u00e9 34,83% des suffrages.<\/p>\n<p>Au pouvoir depuis le renversement du r\u00e9gime autoritaire de Milton Obote en 1986, le pr\u00e9sident Yoweri Museveni \u00e9tait candidat \u00e0 un sixi\u00e8me mandat \u00e0 la t\u00eate de l\u2019Ouganda. Apr\u00e8s avoir fait supprimer la limitation \u00e0 deux mandats par un amendement constitutionnel en 2005, Museveni a fait de m\u00eame avec la limite d\u2019\u00e2ge \u00e0 75 ans en 2017. Ce qui lui a permis d\u2019\u00eatre d\u00e9sign\u00e9 candidat de son parti, le Mouvement de r\u00e9sistance nationale (NRM), le 28 juillet 2020.<\/p>\n<\/div>\n<p>Auteur: APA News<br \/>\n<a href=\"https:\/\/www.journalducameroun.com\/ouganda-museveni-reelu-pour-un-6e-mandat\/\">Cliquez ici pour lire l&rsquo;article depuis sa source.<\/a><\/p>\n","protected":false},"excerpt":{"rendered":"<p>Publi\u00e9 le 16.01.2021 \u00e0 16h18 par APA News Le pr\u00e9sident sortant de l\u2019Ouganda, Yoweri Museveni, est r\u00e9\u00e9lu pour un 6e mandat \u00e0 la t\u00eate de ce pays d\u2019Afrique de l\u2019Est.M. Museveni, 86 ans, passe ainsi au premier tour avec\u00a058,6% des voix \u00e0 l\u2019issue de la pr\u00e9sidentielle du 14 janvier 2021, selon les r\u00e9sultats publi\u00e9s samedi [&hellip;]<\/p>\n","protected":false},"author":1965,"featured_media":0,"comment_status":"closed","ping_status":"closed","sticky":false,"template":"","format":"standard","meta":{"fifu_image_url":"","fifu_image_alt":"","footnotes":""},"categories":[73,82],"tags":[],"class_list":["post-109427","post","type-post","status-publish","format-standard","hentry","category-actualite","category-cameroun"],"_links":{"self":[{"href":"https:\/\/linitiative.ca\/International\/wp-json\/wp\/v2\/posts\/109427","targetHints":{"allow":["GET"]}}],"collection":[{"href":"https:\/\/linitiative.ca\/International\/wp-json\/wp\/v2\/posts"}],"about":[{"href":"https:\/\/linitiative.ca\/International\/wp-json\/wp\/v2\/types\/post"}],"author":[{"embeddable":true,"href":"https:\/\/linitiative.ca\/International\/wp-json\/wp\/v2\/users\/1965"}],"replies":[{"embeddable":true,"href":"https:\/\/linitiative.ca\/International\/wp-json\/wp\/v2\/comments?post=109427"}],"version-history":[{"count":0,"href":"https:\/\/linitiative.ca\/International\/wp-json\/wp\/v2\/posts\/109427\/revisions"}],"wp:attachment":[{"href":"https:\/\/linitiative.ca\/International\/wp-json\/wp\/v2\/media?parent=109427"}],"wp:term":[{"taxonomy":"category","embeddable":true,"href":"https:\/\/linitiative.ca\/International\/wp-json\/wp\/v2\/categories?post=109427"},{"taxonomy":"post_tag","embeddable":true,"href":"https:\/\/linitiative.ca\/International\/wp-json\/wp\/v2\/tags?post=109427"}],"curies":[{"name":"wp","href":"https:\/\/api.w.org\/{rel}","templated":true}]}}