{"id":109430,"date":"2021-01-16T15:52:24","date_gmt":"2021-01-16T20:52:24","guid":{"rendered":"https:\/\/linitiative.ca\/International\/cameroun-la-fifa-maintient-seidou-mbombo-njoya-a-la-fecafoot-avec-un-statut-dintemaire\/"},"modified":"2021-01-16T15:52:24","modified_gmt":"2021-01-16T20:52:24","slug":"cameroun-la-fifa-maintient-seidou-mbombo-njoya-a-la-fecafoot-avec-un-statut-dintemaire","status":"publish","type":"post","link":"https:\/\/linitiative.ca\/International\/cameroun-la-fifa-maintient-seidou-mbombo-njoya-a-la-fecafoot-avec-un-statut-dintemaire\/","title":{"rendered":"Cameroun : la FIFA maintient Se\u00efdou Mbombo Njoya \u00e0 la F\u00e9cafoot avec un statut d\u2019int\u00e9maire"},"content":{"rendered":"<div readability=\"32\">\n<p>Publi\u00e9 le 16.01.2021 \u00e0 21h52 par Christian Djimadeu<\/p>\n<\/div>\n<div readability=\"57\">\n<h2>Une lettre de Fatma Samoura le SG de la FIFA adress\u00e9e ce jour \u00e0 Benjamin Didier Banlock, le secr\u00e9taire g\u00e9n\u00e9ral de la F\u00e9d\u00e9ration camerounaise de football, donne la marche \u00e0 suivre suite \u00e0 la sentence du Tribunal arbitral du sport (TAS).<\/h2>\n<p>Le 15 janvier 2021, une sentence du TAS a annul\u00e9 l\u2019\u00e9lection du pr\u00e9sident de la F\u0117cafoot et de tout son comit\u00e9 ex\u00e9cutif. A la suite d\u2019une contestation du club AS Meiganga qui d\u00e9nonce des irr\u00e9gularit\u00e9s dans le processus ayant conduit \u00e0 leur \u00e9lection.<\/p>\n<p>Inform\u00e9 de la sentence, la FIFA \u00e0 travers son secr\u00e9taire g\u00e9n\u00e9ral a \u00e9crit ce samedi au SG de la F\u0117cafoot. \u00ab <em>Nous vous informons de ce qui suit : compte tenu des circonstances du cas en question, et pour les motifs retenus par le TAS, la FIFA considere egalement que tant la ratio legis des dispositions applicables que la necessit\u00e9 d\u2019assurer une continuit\u00e9 de service jusqu\u2019aux nouvelles elections \u00e0 organiser dans les meilleurs d\u00e9lais, justifient de laisser aux organes actuellement en place le soin d\u2019assurer l\u2019interim de la FECAFOOT. La FIFA tient donc \u00e0 ce que les d\u00e8cisions du TAS soient ex\u00e9cut\u00e9es dans les plus brefs delais et n\u2019entend ainsi prendre aucune nouvelle d\u00e9cision en l\u2019\u00e9tat<\/em> \u00bb, \u00e9crit Fatma Samoura.<\/p>\n<p>Elle tient cependant \u00e0 pr\u00e9ciser que le mandat exceptionnel ainsi accord\u00e9 aux organes actuellement en place sera strictement encadr\u00e9 par la FlFA. Ce mandat est limit\u00e9 aux taches permettant d\u2019assurer la continuit\u00e9 des affaires courantes et celles li\u00e9es \u00e0 la finalisation \u00e0 br\u00e8ve \u00e9cheance du processus,\u00a0 l\u2019adoption des statuts et textes r\u00e9glementaires requis et l\u2019organisation de nouvelles elections.<\/p>\n<p>Le SG de la FIFAtermine en indiquant que : \u00ab <em>les modalit\u00e9s et limites concr\u00e8tes de ce mandat seront pr\u00e9cis\u00e9es ult\u00e9rieurement et sous le contr\u00f4le de la FIFA, qui devra \u00e9tre consult\u00e9e avant toute decision envIsag\u00e9e qui sortirait potentiellement du cadre des affaires courantes. Une teuille de route sera en outre rapidement pr\u00e9sent\u00e9e a la FIFA permettant de fixer les \u00e9ch\u00e9ances \u00e9lectorales.<\/em>\u00bb<\/p>\n<\/div>\n<p>Auteur: Christian DJIMADEU<br \/>\n<a href=\"https:\/\/www.journalducameroun.com\/cameroun-la-fifa-maintient-seidou-mbombo-njoya-a-la-fecafoot-avec-un-statut-dintemaire\/\">Cliquez ici pour lire l&rsquo;article depuis sa source.<\/a><\/p>\n","protected":false},"excerpt":{"rendered":"<p>Publi\u00e9 le 16.01.2021 \u00e0 21h52 par Christian Djimadeu Une lettre de Fatma Samoura le SG de la FIFA adress\u00e9e ce jour \u00e0 Benjamin Didier Banlock, le secr\u00e9taire g\u00e9n\u00e9ral de la F\u00e9d\u00e9ration camerounaise de football, donne la marche \u00e0 suivre suite \u00e0 la sentence du Tribunal arbitral du sport (TAS). Le 15 janvier 2021, une sentence [&hellip;]<\/p>\n","protected":false},"author":1965,"featured_media":0,"comment_status":"closed","ping_status":"closed","sticky":false,"template":"","format":"standard","meta":{"fifu_image_url":"","fifu_image_alt":"","footnotes":""},"categories":[73,82],"tags":[],"class_list":["post-109430","post","type-post","status-publish","format-standard","hentry","category-actualite","category-cameroun"],"_links":{"self":[{"href":"https:\/\/linitiative.ca\/International\/wp-json\/wp\/v2\/posts\/109430","targetHints":{"allow":["GET"]}}],"collection":[{"href":"https:\/\/linitiative.ca\/International\/wp-json\/wp\/v2\/posts"}],"about":[{"href":"https:\/\/linitiative.ca\/International\/wp-json\/wp\/v2\/types\/post"}],"author":[{"embeddable":true,"href":"https:\/\/linitiative.ca\/International\/wp-json\/wp\/v2\/users\/1965"}],"replies":[{"embeddable":true,"href":"https:\/\/linitiative.ca\/International\/wp-json\/wp\/v2\/comments?post=109430"}],"version-history":[{"count":0,"href":"https:\/\/linitiative.ca\/International\/wp-json\/wp\/v2\/posts\/109430\/revisions"}],"wp:attachment":[{"href":"https:\/\/linitiative.ca\/International\/wp-json\/wp\/v2\/media?parent=109430"}],"wp:term":[{"taxonomy":"category","embeddable":true,"href":"https:\/\/linitiative.ca\/International\/wp-json\/wp\/v2\/categories?post=109430"},{"taxonomy":"post_tag","embeddable":true,"href":"https:\/\/linitiative.ca\/International\/wp-json\/wp\/v2\/tags?post=109430"}],"curies":[{"name":"wp","href":"https:\/\/api.w.org\/{rel}","templated":true}]}}