{"id":109432,"date":"2021-01-17T07:25:17","date_gmt":"2021-01-17T12:25:17","guid":{"rendered":"https:\/\/linitiative.ca\/International\/dans-une-nouvelle-exposition-living-4-art-reflete-les-ames-dune-vingtaine-dartistes\/"},"modified":"2021-01-17T07:25:17","modified_gmt":"2021-01-17T12:25:17","slug":"dans-une-nouvelle-exposition-living-4-art-reflete-les-ames-dune-vingtaine-dartistes","status":"publish","type":"post","link":"https:\/\/linitiative.ca\/International\/dans-une-nouvelle-exposition-living-4-art-reflete-les-ames-dune-vingtaine-dartistes\/","title":{"rendered":"Dans une nouvelle exposition,\u00a0Living 4 Art refl\u00e8te les \u00e2mes d\u2019une vingtaine d\u2019artistes"},"content":{"rendered":"<p><iframe loading=\"lazy\" width=\"536\" height=\"323\" src=\"\/\/www.youtube.com\/embed\/whrIRs2uu9U?\" frameborder=\"0\" allowfullscreen=\"\">[embedded content]<\/iframe><\/p>\n<p><span class=\"c5\"><strong>La galerie Living 4 Art \u00e0 Casablanca ne cesse de multiplier les expositions.<\/strong><\/span><span id=\"more-365745\"\/><\/p>\n<p>Apr\u00e8s son show d\u2019\u0153uvres artistiques intitul\u00e9 \u00abLueur\u00bb, elle vient d\u2019inaugurer une nouvelle exposition collective appel\u00e9e \u00abReflet\u00bb. Dans cet \u00e9v\u00e9nement, qui se poursuit jusqu\u2019au 30 janvier, cet espace d\u2019art met en valeur les \u0153uvres des artistes Abdennaser Benanou, Asmae Benchekroun, Bilal Bartali, Entissar Gharbi, Fatima Zahra Amrani Mansouri, Hind Kadi Hamman, Imane Benchekroun, Imane Mansir, Imane Saidi, Loubna Ait Diwane, Mohamed Ashwaq, \u00abMoroccasn Hand\u2019Silk\u00bb, Oussama Benabbou, Rim Addakou, Salma Zaghba, Samia Benjelloun Zahr, Sarra Erraiss, Ulrich Zouanda, Zakia Quassim et Zineb Idriss. A propos de cette manifestation, la galerie exalte : \u00abL\u2019art est le reflet de nos inspirations quotidiennes, on le per\u00e7oit \u00e0 travers le premier reflet de la beaut\u00e9 et de la lumi\u00e8re divine qu\u2019on per\u00e7oit lors de chaque r\u00e9veil\u00bb.<\/p>\n<p>Quant \u00e0 l\u2019espace, il est, selon la m\u00eame source, \u00abvotre reflet qui vous accompagne dans le choix de vos espoirs \u00e0 travers une exposition harmonieuse d\u2019expressions personnelles et spirituelles de chaque artiste qui s\u2019illustre dans divers supports\u00bb. \u00abLe reflet artistique fera sujet d\u2019un \u00e9change de sentiments qui permettra \u00e0 se conna\u00eetre au fond, de colorer le silence de nos r\u00eaves et de les r\u00e9v\u00e9ler \u00e0 travers des \u0153uvres in\u00e9dites avec un grand sourire qui renvoie au reflet de l\u2019\u00e2me d\u2019artistes\u00bb, encha\u00eene la galerie en allusion \u00e0 l\u2019\u00e9v\u00e9nement tout au long de sa dur\u00e9e.<\/p>\n<p>Auteur: ALM<br \/>\n<a href=\"https:\/\/aujourdhui.ma\/culture\/dans-une-nouvelle-exposition-living-4-art-reflete-les-ames-dune-vingtaine-dartistes\">Cliquez ici pour lire l&rsquo;article depuis sa source.<\/a><\/p>\n","protected":false},"excerpt":{"rendered":"<p>[embedded content] La galerie Living 4 Art \u00e0 Casablanca ne cesse de multiplier les expositions. Apr\u00e8s son show d\u2019\u0153uvres artistiques intitul\u00e9 \u00abLueur\u00bb, elle vient d\u2019inaugurer une nouvelle exposition collective appel\u00e9e \u00abReflet\u00bb. Dans cet \u00e9v\u00e9nement, qui se poursuit jusqu\u2019au 30 janvier, cet espace d\u2019art met en valeur les \u0153uvres des artistes Abdennaser Benanou, Asmae Benchekroun, Bilal [&hellip;]<\/p>\n","protected":false},"author":1759,"featured_media":0,"comment_status":"closed","ping_status":"closed","sticky":false,"template":"","format":"standard","meta":{"fifu_image_url":"","fifu_image_alt":"","footnotes":""},"categories":[73,54],"tags":[],"class_list":["post-109432","post","type-post","status-publish","format-standard","hentry","category-actualite","category-maroc"],"_links":{"self":[{"href":"https:\/\/linitiative.ca\/International\/wp-json\/wp\/v2\/posts\/109432","targetHints":{"allow":["GET"]}}],"collection":[{"href":"https:\/\/linitiative.ca\/International\/wp-json\/wp\/v2\/posts"}],"about":[{"href":"https:\/\/linitiative.ca\/International\/wp-json\/wp\/v2\/types\/post"}],"author":[{"embeddable":true,"href":"https:\/\/linitiative.ca\/International\/wp-json\/wp\/v2\/users\/1759"}],"replies":[{"embeddable":true,"href":"https:\/\/linitiative.ca\/International\/wp-json\/wp\/v2\/comments?post=109432"}],"version-history":[{"count":0,"href":"https:\/\/linitiative.ca\/International\/wp-json\/wp\/v2\/posts\/109432\/revisions"}],"wp:attachment":[{"href":"https:\/\/linitiative.ca\/International\/wp-json\/wp\/v2\/media?parent=109432"}],"wp:term":[{"taxonomy":"category","embeddable":true,"href":"https:\/\/linitiative.ca\/International\/wp-json\/wp\/v2\/categories?post=109432"},{"taxonomy":"post_tag","embeddable":true,"href":"https:\/\/linitiative.ca\/International\/wp-json\/wp\/v2\/tags?post=109432"}],"curies":[{"name":"wp","href":"https:\/\/api.w.org\/{rel}","templated":true}]}}