{"id":109433,"date":"2021-01-17T08:48:34","date_gmt":"2021-01-17T13:48:34","guid":{"rendered":"https:\/\/linitiative.ca\/International\/la-marine-royale-avorte-une-operation-de-trafic-de-chira-au-large-de-cap-spartel\/"},"modified":"2021-01-17T08:48:34","modified_gmt":"2021-01-17T13:48:34","slug":"la-marine-royale-avorte-une-operation-de-trafic-de-chira-au-large-de-cap-spartel","status":"publish","type":"post","link":"https:\/\/linitiative.ca\/International\/la-marine-royale-avorte-une-operation-de-trafic-de-chira-au-large-de-cap-spartel\/","title":{"rendered":"La Marine Royale avorte une op\u00e9ration de trafic de chira au large de cap spartel"},"content":{"rendered":"<header>\n<\/header>\n<div class=\"entry-content clearfix\" readability=\"47\"><img decoding=\"async\" class=\"post_layout_5_img\" src=\"http:\/\/aujourdhui.ma\/wp-content\/uploads\/2018\/10\/Marine-Royale.jpg\" alt=\"La Marine Royale avorte une op&#xE9;ration de trafic de chira au large de cap spartel\"\/><\/p>\n<p><strong>Deux garde c\u00f4tes de la Marine Royale en patrouille maritime en M\u00e9diterran\u00e9e ont avort\u00e9 une op\u00e9ration de trafic de chira, tr\u00e8s t\u00f4t dimanche au large de cap spartel apr\u00e8s une poursuite en mer d\u2019un go-fast qui a tent\u00e9 vainement de r\u00e9cup\u00e9rer \u00e0 partir d\u2019une embarcation artisanale, ayant \u00e0 bord 55 ballots de stup\u00e9fiants, d\u2019un poids total d\u2019environ deux tonnes, apprend-on de source militaire.<\/strong><span id=\"more-365749\"\/><\/p>\n<p>Les personnes arr\u00eat\u00e9es, au nombre de trois, l\u2019embarcation ainsi que la cargaison de stup\u00e9fiants ont \u00e9t\u00e9 achemin\u00e9es par les garde-c\u00f4tes de la Marine Royale vers le port de Tanger-ville et remises aux autorit\u00e9s comp\u00e9tentes pour les proc\u00e9dures judiciaires d\u2019usage, ajoute-t-on de m\u00eame source.<\/p>\n<\/div>\n<p>Auteur: ALM<br \/>\n<a href=\"https:\/\/aujourdhui.ma\/societe\/la-marine-royale-avorte-une-operation-de-trafic-de-chira-au-large-de-cap-spartel\">Cliquez ici pour lire l&rsquo;article depuis sa source.<\/a><\/p>\n","protected":false},"excerpt":{"rendered":"<p>Deux garde c\u00f4tes de la Marine Royale en patrouille maritime en M\u00e9diterran\u00e9e ont avort\u00e9 une op\u00e9ration de trafic de chira, tr\u00e8s t\u00f4t dimanche au large de cap spartel apr\u00e8s une poursuite en mer d\u2019un go-fast qui a tent\u00e9 vainement de r\u00e9cup\u00e9rer \u00e0 partir d\u2019une embarcation artisanale, ayant \u00e0 bord 55 ballots de stup\u00e9fiants, d\u2019un poids [&hellip;]<\/p>\n","protected":false},"author":1759,"featured_media":0,"comment_status":"closed","ping_status":"closed","sticky":false,"template":"","format":"standard","meta":{"fifu_image_url":"http:\/\/aujourdhui.ma\/wp-content\/uploads\/2018\/10\/Marine-Royale.jpg","fifu_image_alt":"La Marine Royale avorte une op\u00e9ration de trafic de chira au large de cap spartel","footnotes":""},"categories":[73,54],"tags":[],"class_list":["post-109433","post","type-post","status-publish","format-standard","hentry","category-actualite","category-maroc"],"_links":{"self":[{"href":"https:\/\/linitiative.ca\/International\/wp-json\/wp\/v2\/posts\/109433","targetHints":{"allow":["GET"]}}],"collection":[{"href":"https:\/\/linitiative.ca\/International\/wp-json\/wp\/v2\/posts"}],"about":[{"href":"https:\/\/linitiative.ca\/International\/wp-json\/wp\/v2\/types\/post"}],"author":[{"embeddable":true,"href":"https:\/\/linitiative.ca\/International\/wp-json\/wp\/v2\/users\/1759"}],"replies":[{"embeddable":true,"href":"https:\/\/linitiative.ca\/International\/wp-json\/wp\/v2\/comments?post=109433"}],"version-history":[{"count":0,"href":"https:\/\/linitiative.ca\/International\/wp-json\/wp\/v2\/posts\/109433\/revisions"}],"wp:attachment":[{"href":"https:\/\/linitiative.ca\/International\/wp-json\/wp\/v2\/media?parent=109433"}],"wp:term":[{"taxonomy":"category","embeddable":true,"href":"https:\/\/linitiative.ca\/International\/wp-json\/wp\/v2\/categories?post=109433"},{"taxonomy":"post_tag","embeddable":true,"href":"https:\/\/linitiative.ca\/International\/wp-json\/wp\/v2\/tags?post=109433"}],"curies":[{"name":"wp","href":"https:\/\/api.w.org\/{rel}","templated":true}]}}