{"id":109434,"date":"2021-01-17T08:43:40","date_gmt":"2021-01-17T13:43:40","guid":{"rendered":"https:\/\/linitiative.ca\/International\/moulay-brahim-el-othmani-nouveau-president-du-conseil-dadministration-de-la-mgpap\/"},"modified":"2021-01-17T08:43:40","modified_gmt":"2021-01-17T13:43:40","slug":"moulay-brahim-el-othmani-nouveau-president-du-conseil-dadministration-de-la-mgpap","status":"publish","type":"post","link":"https:\/\/linitiative.ca\/International\/moulay-brahim-el-othmani-nouveau-president-du-conseil-dadministration-de-la-mgpap\/","title":{"rendered":"Moulay Brahim El Othmani nouveau pr\u00e9sident du conseil d\u2019administration de la MGPAP"},"content":{"rendered":"<p class=\"has-text-color has-vivid-cyan-blue-color\"><strong>Moulay Brahim El Othmani a \u00e9t\u00e9 \u00e9lu samedi \u00e0 Rabat, nouveau pr\u00e9sident du conseil d\u2019administration de la Mutuelle g\u00e9n\u00e9rale du personnel des administrations publiques (MGPAP), en remplacement de Abdelmoula Abdelmoumni.<\/strong><\/p>\n<p>M. Moulay Brahim El Othmani a \u00e9t\u00e9 \u00e9lu \u00e0 ce poste lors de la r\u00e9union des 33 membres du conseil d\u2019administration de la Mutuelle consacr\u00e9e \u00e0 l\u2019\u00e9lection des huit membres du bureau de ce conseil.<br \/>De m\u00eame, Mohammed El Mansouri fut \u00e9lu premier vice-pr\u00e9sident et Abdelmajid Kobi deuxi\u00e8me vice-pr\u00e9sident.<\/p>\n<p>Intervenant \u00e0 cette occasion, le nouveau pr\u00e9sident du conseil d\u2019administration de la MGPAP, a salu\u00e9 la proc\u00e9dure d\u00e9mocratique et transparente de ces \u00e9lections.<\/p>\n<p>\u00ab\u00a0Ce vote constitue une lourde responsabilit\u00e9 et un poids de conscience\u00a0\u00bb, a soulign\u00e9 le nouveau pr\u00e9sident du conseil d\u2019administration, relevant que malgr\u00e9 la conjoncture actuelle complexe, due \u00e0 la propagation de la Covid-19, la MGPAP n\u2019a nullement manqu\u00e9 \u00e0 son devoir, en pr\u00e9sentant des services de qualit\u00e9 \u00e0 l\u2019ensemble de ses usagers.<\/p>\n<p>Par ailleurs, Hamid Cheni fut \u00e9lu secr\u00e9taire g\u00e9n\u00e9ral du conseil et Mohamed El Koubei secr\u00e9taire g\u00e9n\u00e9ral adjoint. De m\u00eame, Abdelkarim Hassini fut \u00e9lu tr\u00e9sorier, et Abdelhak El Mamoune premier tr\u00e9sorier.<br \/>La MGPAP est g\u00e9r\u00e9e par un conseil d\u2019administration constitu\u00e9 de 33 membres \u00e9lus par bulletins secrets \u00e0 l\u2019Assembl\u00e9e G\u00e9n\u00e9rale.<\/p>\n<p>Les membres du conseil d\u2019administration sont \u00e9lus pour un mandat de 6 ans, et sont renouvel\u00e9s par tiers tous les deux ans.<\/p>\n<p>Le minist\u00e8re de l\u2019Emploi et de l\u2019insertion professionnelle avait annonc\u00e9 que les pouvoirs d\u00e9volus au conseil d\u2019adminis tration de la MGPAP ont \u00e9t\u00e9 confi\u00e9s \u00e0 quatre administrateurs provisoires, suite aux cas d\u2019irr\u00e9gularit\u00e9 grave constat\u00e9s dans le fonctionnement de cet organisme.<\/p>\n<p>Cette d\u00e9cision a \u00e9t\u00e9 prise conform\u00e9ment \u00e0 un arr\u00eat\u00e9 conjoint du ministre de l\u2019Emploi et du ministre de l\u2019\u00c9conomie et des finances, publi\u00e9 le 4 octobre, ainsi qu\u2019au Dahir n\u00b0 1-57-187 du 24 Joumada II 1383 (12 novembre 1963) portant statut de la mutualit\u00e9.<\/p>\n<p>Auteur: M&rsquo;hammed rahal<br \/>\n<a href=\"http:\/\/albayane.press.ma\/moulay-brahim-el-othmani-nouveau-president-du-conseil-dadministration-de-la-mgpap.html\">Cliquez ici pour lire l&rsquo;article depuis sa source.<\/a><\/p>\n","protected":false},"excerpt":{"rendered":"<p>Moulay Brahim El Othmani a \u00e9t\u00e9 \u00e9lu samedi \u00e0 Rabat, nouveau pr\u00e9sident du conseil d\u2019administration de la Mutuelle g\u00e9n\u00e9rale du personnel des administrations publiques (MGPAP), en remplacement de Abdelmoula Abdelmoumni. M. Moulay Brahim El Othmani a \u00e9t\u00e9 \u00e9lu \u00e0 ce poste lors de la r\u00e9union des 33 membres du conseil d\u2019administration de la Mutuelle consacr\u00e9e [&hellip;]<\/p>\n","protected":false},"author":1760,"featured_media":0,"comment_status":"closed","ping_status":"closed","sticky":false,"template":"","format":"standard","meta":{"fifu_image_url":"","fifu_image_alt":"","footnotes":""},"categories":[73,54],"tags":[],"class_list":["post-109434","post","type-post","status-publish","format-standard","hentry","category-actualite","category-maroc"],"_links":{"self":[{"href":"https:\/\/linitiative.ca\/International\/wp-json\/wp\/v2\/posts\/109434","targetHints":{"allow":["GET"]}}],"collection":[{"href":"https:\/\/linitiative.ca\/International\/wp-json\/wp\/v2\/posts"}],"about":[{"href":"https:\/\/linitiative.ca\/International\/wp-json\/wp\/v2\/types\/post"}],"author":[{"embeddable":true,"href":"https:\/\/linitiative.ca\/International\/wp-json\/wp\/v2\/users\/1760"}],"replies":[{"embeddable":true,"href":"https:\/\/linitiative.ca\/International\/wp-json\/wp\/v2\/comments?post=109434"}],"version-history":[{"count":0,"href":"https:\/\/linitiative.ca\/International\/wp-json\/wp\/v2\/posts\/109434\/revisions"}],"wp:attachment":[{"href":"https:\/\/linitiative.ca\/International\/wp-json\/wp\/v2\/media?parent=109434"}],"wp:term":[{"taxonomy":"category","embeddable":true,"href":"https:\/\/linitiative.ca\/International\/wp-json\/wp\/v2\/categories?post=109434"},{"taxonomy":"post_tag","embeddable":true,"href":"https:\/\/linitiative.ca\/International\/wp-json\/wp\/v2\/tags?post=109434"}],"curies":[{"name":"wp","href":"https:\/\/api.w.org\/{rel}","templated":true}]}}