{"id":109435,"date":"2021-01-17T08:48:04","date_gmt":"2021-01-17T13:48:04","guid":{"rendered":"https:\/\/linitiative.ca\/International\/%ef%bb%bfun-soutien-international-augurant-dune-nouvelle-ere-de-paix-et-de-prosperite-pour-la-region\/"},"modified":"2021-01-17T08:48:04","modified_gmt":"2021-01-17T13:48:04","slug":"%ef%bb%bfun-soutien-international-augurant-dune-nouvelle-ere-de-paix-et-de-prosperite-pour-la-region","status":"publish","type":"post","link":"https:\/\/linitiative.ca\/International\/%ef%bb%bfun-soutien-international-augurant-dune-nouvelle-ere-de-paix-et-de-prosperite-pour-la-region\/","title":{"rendered":"\ufeffUn soutien international augurant d\u2019une nouvelle \u00e8re de paix et de prosp\u00e9rit\u00e9 pour la r\u00e9gion"},"content":{"rendered":"<p class=\"has-text-color has-vivid-red-color c2\"><strong>Conf\u00e9rence Minist\u00e9rielle de Soutien \u00e0 l\u2019Initiative d\u2019Autonomie<\/strong><\/p>\n<p class=\"has-text-color c3\"><strong>Les participants \u00e0 la Conf\u00e9rence minist\u00e9rielle de soutien \u00e0 l\u2019initiative d\u2019autonomie sous la souverainet\u00e9 du Maroc, tenue virtuellement vendredi, ont soulign\u00e9 que le large soutien international \u00e0 l\u2019initiative marocaine d\u2019autonomie ouvre la voie \u00e0 une nouvelle \u00e8re de paix et de prosp\u00e9rit\u00e9 pour toute la r\u00e9gion.<\/strong><\/p>\n<p>Intervenant \u00e0 cette conf\u00e9rence, \u00e0 laquelle ont particip\u00e9 40 pays, dont 27 au niveau minist\u00e9riel, le ministre des Affaires \u00e9trang\u00e8res du Gabon, Pac\u00f4me Moubelet Boubeya, a soulign\u00e9 que le large soutien international \u00e0 l\u2019autonomie \u00abconstitue une opportunit\u00e9 historique qui ouvre la voie \u00e0 une nouvelle \u00e8re de paix, de stabilit\u00e9 et de prosp\u00e9rit\u00e9 pour la r\u00e9gion\u00bb.<\/p>\n<p>La r\u00e9cente d\u00e9cision des Etats-Unis de reconna\u00eetre la souverainet\u00e9 du Maroc sur l\u2019ensemble de son Sahara, offre de \u00abgrandes opportunit\u00e9s\u00bb de croissance et de prosp\u00e9rit\u00e9 pour l\u2019Afrique, a-t-il dit.<\/p>\n<p>Pour sa part, le ministre des Affaires \u00e9trang\u00e8res du Guatemala, Pedro Brolo Vila, a rappel\u00e9 que son pays a \u00abtoujours soutenu le plan d\u2019autonomie\u00bb du Maroc en tant qu\u2019initiative \u00abs\u00e9rieuse et cr\u00e9dible\u00bb pour parvenir \u00e0 une solution politique durable et mutuellement acceptable au conflit r\u00e9gional sur le Sahara.<\/p>\n<p>Le plan d\u2019autonomie est l\u2019unique solution qui r\u00e9pond au principe d\u2019autod\u00e9termination a, de son c\u00f4t\u00e9, indiqu\u00e9 son coll\u00e8gue zambien, Joseph Malangi, qui a qualifi\u00e9 l\u2019initiative marocaine de seule base \u00e0 m\u00eame de parvenir \u00e0 une solution \u00e0 ce conflit r\u00e9gional, et d\u2019instaurer une nouvelle \u00e8re de stabilit\u00e9 et de prosp\u00e9rit\u00e9 dans la r\u00e9gion.<\/p>\n<p>De son c\u00f4t\u00e9, Christophe Farnaud, Directeur du d\u00e9partement Afrique du Nord et Moyen-Orient au minist\u00e8re fran\u00e7ais des Affaires \u00e9trang\u00e8res, a relev\u00e9 que le conflit autour du Sahara \u00abn\u2019a que trop dur\u00e9\u00bb, avertissant que ce conflit constitue un \u00abgrand risque\u00bb de tensions.<\/p>\n<p>\u00abCeci, a-t-il expliqu\u00e9, a \u00e9t\u00e9 soulign\u00e9 lors des derniers \u00e9v\u00e8nements \u00e0 El Guergarat suite au blocage par le polisario du point de passage avec la Mauritanie\u00bb, ce qui met en avant l\u2019importance d\u2019une solution politique.<\/p>\n<p>La France a toujours soutenu les efforts visant \u00e0 parvenir \u00e0 une solution juste, durable et mutuellement acceptable sous l\u2019\u00e9gide des Nations unies, et conform\u00e9ment aux r\u00e9solutions du Conseil de s\u00e9curit\u00e9, a dit M. Farnaud, rappelant la position de Paris qui consid\u00e8re l\u2019initiative marocaine d\u2019autonomie comme une base \u00abs\u00e9rieuse et cr\u00e9dible\u00bb pour une solution n\u00e9goci\u00e9e.<\/p>\n<p>De son c\u00f4t\u00e9, le ministre \u00e9mirati des Affaires \u00e9trang\u00e8res, Abdallah ben Zayd Al Nahyan, a r\u00e9it\u00e9r\u00e9 la position ferme et constante de son pays aux c\u00f4t\u00e9s du Maroc dans les forums internationaux, notamment sur la question du Sahara, rappelant le soutien des Emirats Arabes Unis \u00e0 l\u2019action du Maroc pour prot\u00e9ger la s\u00e9curit\u00e9 et l\u2019int\u00e9grit\u00e9 de ses territoires.<\/p>\n<p>M\u00eame son de cloche chez le ministre d\u2019Etat qatari aux Affaires \u00e9trang\u00e8res, Soltan ben Saad Al Muraikhi, qui a rappel\u00e9 le soutien du Qatar aux \u00abcauses justes\u00bb du Royaume, partant du principe de fraternit\u00e9, d\u2019amiti\u00e9 et de solidarit\u00e9 agissante entre les deux pays.<\/p>\n<p>Auteur: M&rsquo;hammed rahal<br \/>\n<a href=\"http:\/\/albayane.press.ma\/%EF%BB%BFun-soutien-international-augurant-dune-nouvelle-ere-de-paix-et-de-prosperite-pour-la-region.html\">Cliquez ici pour lire l&rsquo;article depuis sa source.<\/a><\/p>\n","protected":false},"excerpt":{"rendered":"<p>Conf\u00e9rence Minist\u00e9rielle de Soutien \u00e0 l\u2019Initiative d\u2019Autonomie Les participants \u00e0 la Conf\u00e9rence minist\u00e9rielle de soutien \u00e0 l\u2019initiative d\u2019autonomie sous la souverainet\u00e9 du Maroc, tenue virtuellement vendredi, ont soulign\u00e9 que le large soutien international \u00e0 l\u2019initiative marocaine d\u2019autonomie ouvre la voie \u00e0 une nouvelle \u00e8re de paix et de prosp\u00e9rit\u00e9 pour toute la r\u00e9gion. Intervenant \u00e0 [&hellip;]<\/p>\n","protected":false},"author":1760,"featured_media":0,"comment_status":"closed","ping_status":"closed","sticky":false,"template":"","format":"standard","meta":{"fifu_image_url":"","fifu_image_alt":"","footnotes":""},"categories":[73,54],"tags":[],"class_list":["post-109435","post","type-post","status-publish","format-standard","hentry","category-actualite","category-maroc"],"_links":{"self":[{"href":"https:\/\/linitiative.ca\/International\/wp-json\/wp\/v2\/posts\/109435","targetHints":{"allow":["GET"]}}],"collection":[{"href":"https:\/\/linitiative.ca\/International\/wp-json\/wp\/v2\/posts"}],"about":[{"href":"https:\/\/linitiative.ca\/International\/wp-json\/wp\/v2\/types\/post"}],"author":[{"embeddable":true,"href":"https:\/\/linitiative.ca\/International\/wp-json\/wp\/v2\/users\/1760"}],"replies":[{"embeddable":true,"href":"https:\/\/linitiative.ca\/International\/wp-json\/wp\/v2\/comments?post=109435"}],"version-history":[{"count":0,"href":"https:\/\/linitiative.ca\/International\/wp-json\/wp\/v2\/posts\/109435\/revisions"}],"wp:attachment":[{"href":"https:\/\/linitiative.ca\/International\/wp-json\/wp\/v2\/media?parent=109435"}],"wp:term":[{"taxonomy":"category","embeddable":true,"href":"https:\/\/linitiative.ca\/International\/wp-json\/wp\/v2\/categories?post=109435"},{"taxonomy":"post_tag","embeddable":true,"href":"https:\/\/linitiative.ca\/International\/wp-json\/wp\/v2\/tags?post=109435"}],"curies":[{"name":"wp","href":"https:\/\/api.w.org\/{rel}","templated":true}]}}