{"id":109437,"date":"2021-01-17T08:57:07","date_gmt":"2021-01-17T13:57:07","guid":{"rendered":"https:\/\/linitiative.ca\/International\/pas-de-solution-en-dehors-de-linitiative-dautonomie\/"},"modified":"2021-01-17T08:57:07","modified_gmt":"2021-01-17T13:57:07","slug":"pas-de-solution-en-dehors-de-linitiative-dautonomie","status":"publish","type":"post","link":"https:\/\/linitiative.ca\/International\/pas-de-solution-en-dehors-de-linitiative-dautonomie\/","title":{"rendered":"Pas de solution en dehors de l\u2019initiative d\u2019autonomie"},"content":{"rendered":"<p class=\"has-text-color has-vivid-red-color c2\"><strong>40 pays \u00e0 la Conf\u00e9rence minist\u00e9rielle de Soutien au Maroc<\/strong><\/p>\n<p class=\"has-text-color has-vivid-cyan-blue-color\"><strong>Une Conf\u00e9rence minist\u00e9rielle de soutien \u00e0 l\u2019initiative d\u2019autonomie sous la souverainet\u00e9 du Maroc, a \u00e9t\u00e9 tenue virtuellement vendredi, avec la participation de quarante pays,. Elle a \u00e9t\u00e9 co-pr\u00e9sid\u00e9e par le secr\u00e9taire d\u2019Etat am\u00e9ricain adjoint en charge des questions du Proche-Orient et de l\u2019Afrique du Nord, David Schenker, et le Chef de la diplomatie marocaine Nasser Bourita.<\/strong><\/p>\n<p>La majorit\u00e9 des pays participants ont soulign\u00e9 que le large soutien international \u00e0 l\u2019initiative marocaine d\u2019autonomie ouvre la voie \u00e0 une nouvelle \u00e8re de paix et de prosp\u00e9rit\u00e9 pour toute la r\u00e9gion.<\/p>\n<p>Pour sa part, Nasser Bourita a affirm\u00e9 que la question nationale conna\u00eet un \u00ab\u00a0tournant important\u00a0\u00bb avec des param\u00e8tres et des objectifs clairs, soulignant qu\u2019il n\u2019y a pas de solution en dehors de l\u2019initiative d\u2019autonomie, ni un autre leadership que celui des Nations Unies, ni d\u2019autres moyens que la n\u00e9gociation, en pr\u00e9sence de l\u2019ensemble des acteurs concern\u00e9s, y compris l\u2019Alg\u00e9rie.<\/p>\n<p>De son c\u00f4t\u00e9, David Schenker\u00a0a soulign\u00e9 que la reconnaissance des Etats-Unis de la pleine souverainet\u00e9 du Maroc sur son Sahara consacre la position de Washington soutenant l\u2019initiative marocaine d\u2019autonomie comme l\u2019unique base pour une solution juste et durable au conflit autour du Sahara.<\/p>\n<p>Auteur: M&rsquo;hammed rahal<br \/>\n<a href=\"http:\/\/albayane.press.ma\/pas-de-solution-en-dehors-de-linitiative-dautonomie.html\">Cliquez ici pour lire l&rsquo;article depuis sa source.<\/a><\/p>\n","protected":false},"excerpt":{"rendered":"<p>40 pays \u00e0 la Conf\u00e9rence minist\u00e9rielle de Soutien au Maroc Une Conf\u00e9rence minist\u00e9rielle de soutien \u00e0 l\u2019initiative d\u2019autonomie sous la souverainet\u00e9 du Maroc, a \u00e9t\u00e9 tenue virtuellement vendredi, avec la participation de quarante pays,. Elle a \u00e9t\u00e9 co-pr\u00e9sid\u00e9e par le secr\u00e9taire d\u2019Etat am\u00e9ricain adjoint en charge des questions du Proche-Orient et de l\u2019Afrique du Nord, [&hellip;]<\/p>\n","protected":false},"author":1760,"featured_media":0,"comment_status":"closed","ping_status":"closed","sticky":false,"template":"","format":"standard","meta":{"fifu_image_url":"","fifu_image_alt":"","footnotes":""},"categories":[73,54],"tags":[],"class_list":["post-109437","post","type-post","status-publish","format-standard","hentry","category-actualite","category-maroc"],"_links":{"self":[{"href":"https:\/\/linitiative.ca\/International\/wp-json\/wp\/v2\/posts\/109437","targetHints":{"allow":["GET"]}}],"collection":[{"href":"https:\/\/linitiative.ca\/International\/wp-json\/wp\/v2\/posts"}],"about":[{"href":"https:\/\/linitiative.ca\/International\/wp-json\/wp\/v2\/types\/post"}],"author":[{"embeddable":true,"href":"https:\/\/linitiative.ca\/International\/wp-json\/wp\/v2\/users\/1760"}],"replies":[{"embeddable":true,"href":"https:\/\/linitiative.ca\/International\/wp-json\/wp\/v2\/comments?post=109437"}],"version-history":[{"count":0,"href":"https:\/\/linitiative.ca\/International\/wp-json\/wp\/v2\/posts\/109437\/revisions"}],"wp:attachment":[{"href":"https:\/\/linitiative.ca\/International\/wp-json\/wp\/v2\/media?parent=109437"}],"wp:term":[{"taxonomy":"category","embeddable":true,"href":"https:\/\/linitiative.ca\/International\/wp-json\/wp\/v2\/categories?post=109437"},{"taxonomy":"post_tag","embeddable":true,"href":"https:\/\/linitiative.ca\/International\/wp-json\/wp\/v2\/tags?post=109437"}],"curies":[{"name":"wp","href":"https:\/\/api.w.org\/{rel}","templated":true}]}}