{"id":109438,"date":"2021-01-17T09:06:12","date_gmt":"2021-01-17T14:06:12","guid":{"rendered":"https:\/\/linitiative.ca\/International\/%ef%bb%bfbientot-une-charte-architecturale-et-la-promotion-de-leco-cite-de-dakhla\/"},"modified":"2021-01-17T09:06:12","modified_gmt":"2021-01-17T14:06:12","slug":"%ef%bb%bfbientot-une-charte-architecturale-et-la-promotion-de-leco-cite-de-dakhla","status":"publish","type":"post","link":"https:\/\/linitiative.ca\/International\/%ef%bb%bfbientot-une-charte-architecturale-et-la-promotion-de-leco-cite-de-dakhla\/","title":{"rendered":"\ufeffBient\u00f4t une charte architecturale et la promotion de l\u2019\u00e9co-cit\u00e9 de Dakhla"},"content":{"rendered":"<p class=\"has-text-color has-vivid-red-color c2\"><strong>Tourisme<\/strong><\/p>\n<p class=\"has-text-color c3\"><strong>Deux conventions portant sur l\u2019\u00e9laboration de la charte architecturale et la promotion de l\u2019\u00e9co-cit\u00e9 de Dakhla ont \u00e9t\u00e9 sign\u00e9es, vendredi \u00e0 Dakhla, lors d\u2019une rencontre de communication avec les professionnels du secteur sur le plan de relance du secteur de l\u2019urbanisme et de la construction dans la r\u00e9gion de Dakhla-Oued Eddahab.<\/strong><\/p>\n<div class=\"wp-block-image\"><img loading=\"lazy\" decoding=\"async\" src=\"http:\/\/albayane.press.ma\/wp-content\/uploads\/ouv16-10.jpg\" alt=\"\" class=\"wp-image-103251\" width=\"571\" height=\"321\" srcset=\"http:\/\/albayane.press.ma\/wp-content\/uploads\/ouv16-10.jpg 508w, http:\/\/albayane.press.ma\/wp-content\/uploads\/ouv16-10-230x130.jpg 230w\" sizes=\"auto, (max-width: 571px) 100vw, 571px\"\/><\/div>\n<p>Ces deux conventions ont \u00e9t\u00e9 sign\u00e9es par la ministre de l\u2019Am\u00e9nagement du Territoire national, de l\u2019Urbanisme, de l\u2019Habitat et de la Politique de la Ville, Nouzha Bouchareb, le directeur de l\u2019Agence urbaine de Dakhla-Oued Eddahab, Moulay Mhamed Hammou, le wali de la r\u00e9gion de Dakhla-Oued Eddahab, gouverneur de la province d\u2019Oued Eddahab, Lamine Benomar, et le pr\u00e9sident de la commune de Dakhla, Sidi Salouh Joumani.<\/p>\n<p>Ainsi, la premi\u00e8re convention porte sur l\u2019\u00e9laboration d\u2019une charte architecturale de Dakhla, \u00e0 travers la mise en \u0153uvre des \u00e9tudes urbanistiques et architecturales, en vue d\u2019une meilleure gestion de l\u2019espace urbain et de sa qualit\u00e9 paysag\u00e8re.<\/p>\n<p>Elle constitue \u00e9galement un moyen de promotion d\u2019une approche novatrice d\u2019encadrement de la production architecturale, urbanistique et paysag\u00e8re et de gestion concert\u00e9e de la qualit\u00e9 du cadre de vie.<\/p>\n<p>Quant \u00e0 la seconde convention cadre, elle porte sur la mise en \u0153uvre des recommandations de l\u2019\u00e9tude relative \u00e0 \u00ab\u00a0Dakhla Eco-cit\u00e9\u2019\u2019, en vue de mettre en place des programmes d\u2019actions exemplaires traitant de fa\u00e7on concomitante les questions de transport et de mobilit\u00e9, de services urbains, d\u2019habitat, d\u2019\u00e9nergie, de ressources et d\u2019am\u00e9nagement urbain en vue de soutenir la croissance et l\u2019attractivit\u00e9 des villes.<\/p>\n<p>Ainsi, la transition de la ville de Dakhla vers une \u00e9co-cit\u00e9 constituera un levier et un outil de marketing territorial consensuel qui va renforcer le positionnement de la perle du Sud \u00e0 l\u2019\u00e9chelle nationale et internationale.<\/p>\n<p>Dans ce sillage, le minist\u00e8re de l\u2019Am\u00e9nagement du Territoire National, de l\u2019Urbanisme, de l\u2019Habitat et de la Politique de la Ville a lanc\u00e9 des \u00e9tudes pour la promotion des \u00e9co-cit\u00e9s et des \u00e9coquartiers, comme nouveaux cadres privil\u00e9gi\u00e9s d\u2019action, d\u2019innovation, et d\u2019exp\u00e9rimentation, permettant d\u2019asseoir des mod\u00e8les de d\u00e9veloppement urbain soutenables, responsables et attractifs.<\/p>\n<p>A travers la promotion des \u00e9co-cit\u00e9s et des \u00e9coquartiers, le d\u00e9partement de tutelle vise \u00e0 mettre en place une strat\u00e9gie op\u00e9rationnelle permettant d\u2019atteindre des objectifs ambitieux et transversaux en mati\u00e8re de d\u00e9veloppement urbain durable.<\/p>\n<p>Cette strat\u00e9gie met l\u2019accent sur l\u2019importance d\u2019am\u00e9liorer en continu l\u2019espace urbain, \u00e0 travers des projets d\u2019\u00e9co-cit\u00e9 prenant en consid\u00e9ration les enjeux locaux et globaux du d\u00e9veloppement durable et mettant en \u0153uvre une nouvelle gouvernance permettant au Maroc de respecter ses engagements internationaux, notamment l\u2019objectif n\u00b011 des Objectifs du d\u00e9veloppement durable (ODD).<\/p>\n<p>Les Ecocit\u00e9s sont des projets collectifs parc qu\u2019ils doivent r\u00e9pondre aux besoins de tous, \u00e9tant donn\u00e9 que leur gouvernance mobilise tous les acteurs de la ville y compris les \u00e9lus, gestionnaires, associations et usagers.<\/p>\n<p>Auteur: M&rsquo;hammed rahal<br \/>\n<a href=\"http:\/\/albayane.press.ma\/%EF%BB%BFbientot-une-charte-architecturale-et-la-promotion-de-leco-cite-de-dakhla.html\">Cliquez ici pour lire l&rsquo;article depuis sa source.<\/a><\/p>\n","protected":false},"excerpt":{"rendered":"<p>Tourisme Deux conventions portant sur l\u2019\u00e9laboration de la charte architecturale et la promotion de l\u2019\u00e9co-cit\u00e9 de Dakhla ont \u00e9t\u00e9 sign\u00e9es, vendredi \u00e0 Dakhla, lors d\u2019une rencontre de communication avec les professionnels du secteur sur le plan de relance du secteur de l\u2019urbanisme et de la construction dans la r\u00e9gion de Dakhla-Oued Eddahab. Ces deux conventions [&hellip;]<\/p>\n","protected":false},"author":1760,"featured_media":0,"comment_status":"closed","ping_status":"closed","sticky":false,"template":"","format":"standard","meta":{"fifu_image_url":"http:\/\/albayane.press.ma\/wp-content\/uploads\/ouv16-10.jpg","fifu_image_alt":"\ufeffBient\u00f4t une charte architecturale et la promotion de l\u2019\u00e9co-cit\u00e9 de Dakhla","footnotes":""},"categories":[73,54],"tags":[],"class_list":["post-109438","post","type-post","status-publish","format-standard","hentry","category-actualite","category-maroc"],"_links":{"self":[{"href":"https:\/\/linitiative.ca\/International\/wp-json\/wp\/v2\/posts\/109438","targetHints":{"allow":["GET"]}}],"collection":[{"href":"https:\/\/linitiative.ca\/International\/wp-json\/wp\/v2\/posts"}],"about":[{"href":"https:\/\/linitiative.ca\/International\/wp-json\/wp\/v2\/types\/post"}],"author":[{"embeddable":true,"href":"https:\/\/linitiative.ca\/International\/wp-json\/wp\/v2\/users\/1760"}],"replies":[{"embeddable":true,"href":"https:\/\/linitiative.ca\/International\/wp-json\/wp\/v2\/comments?post=109438"}],"version-history":[{"count":0,"href":"https:\/\/linitiative.ca\/International\/wp-json\/wp\/v2\/posts\/109438\/revisions"}],"wp:attachment":[{"href":"https:\/\/linitiative.ca\/International\/wp-json\/wp\/v2\/media?parent=109438"}],"wp:term":[{"taxonomy":"category","embeddable":true,"href":"https:\/\/linitiative.ca\/International\/wp-json\/wp\/v2\/categories?post=109438"},{"taxonomy":"post_tag","embeddable":true,"href":"https:\/\/linitiative.ca\/International\/wp-json\/wp\/v2\/tags?post=109438"}],"curies":[{"name":"wp","href":"https:\/\/api.w.org\/{rel}","templated":true}]}}