{"id":109442,"date":"2021-01-17T10:20:00","date_gmt":"2021-01-17T15:20:00","guid":{"rendered":"https:\/\/linitiative.ca\/International\/les-etudiants-en-droit-manifestent-a-tizi-ouzou\/"},"modified":"2021-01-17T10:20:00","modified_gmt":"2021-01-17T15:20:00","slug":"les-etudiants-en-droit-manifestent-a-tizi-ouzou","status":"publish","type":"post","link":"https:\/\/linitiative.ca\/International\/les-etudiants-en-droit-manifestent-a-tizi-ouzou\/","title":{"rendered":"Les \u00e9tudiants en droit manifestent \u00e0 Tizi Ouzou"},"content":{"rendered":"<div id=\"originalText\" readability=\"60\">\n<p class=\"c6\">Une centaine d\u2019\u00e9tudiants de la facult\u00e9 de droit de Boukhalfa, relevant de l\u2019universit\u00e9 Mouloud Mammeri de Tizi-Ouzou ont observ\u00e9, ce dimanche,\u00a0 un sit-in devant le si\u00e8ge de l\u2019Ordre des avocats de Tizi-Ouzou.<\/p>\n<p class=\"c6\">Par cette manifestation, qui est organis\u00e9e dans le cadre d\u2019un mouvement national suivi dans pas moins de 27 wilayas, les manifestants exigent la r\u00e9habilitation du certificat d\u2019aptitude \u00e0 la profession d\u2019avocats (CAPA), gel\u00e9 depuis 2014.<\/p>\n<p class=\"c6\">\u00a0\u00abNous avons remis au b\u00e2tonnier un courrier \u00e9num\u00e9rant nos revendications, en attendant la programmation d\u2019une entrevue\u00a0 avec lui pour exprimer nos dol\u00e9ances\u00bb\u00a0 a indiqu\u00e9 Amirouche, un des \u00e9tudiants-manifestants.<\/p>\n<p class=\"c6\">Pour rappel, le ministre de la justice, Belkacem Zeghmani, avait indiqu\u00e9 en f\u00e9vrier 2020, que l\u2019ouverture des concours d\u2019acc\u00e8s au CAPA et les sessions de prestation de serment relevaient exclusivement des ordres des avocats et n\u2019\u00e9taient pas du ressort du minist\u00e8re de la justice.\u00a0<\/p>\n<p class=\"c7\">\u00a0<\/p>\n<p class=\"c7\"><strong>\u200bK.T pour R\u00e9daction WEB<\/strong><\/p>\n<\/div>\n<div id=\"text_core\" readability=\"60\">\n<p class=\"c6\">Une centaine d\u2019\u00e9tudiants de la facult\u00e9 de droit de Boukhalfa, relevant de l\u2019universit\u00e9 Mouloud Mammeri de Tizi-Ouzou ont observ\u00e9, ce dimanche,\u00a0 un sit-in devant le si\u00e8ge de l\u2019Ordre des avocats de Tizi-Ouzou.<\/p>\n<p class=\"c6\">Par cette manifestation, qui est organis\u00e9e dans le cadre d\u2019un mouvement national suivi dans pas moins de 27 wilayas, les manifestants exigent la r\u00e9habilitation du certificat d\u2019aptitude \u00e0 la profession d\u2019avocats (CAPA), gel\u00e9 depuis 2014.<\/p>\n<p class=\"c6\">\u00a0\u00abNous avons remis au b\u00e2tonnier un courrier \u00e9num\u00e9rant nos revendications, en attendant la programmation d\u2019une entrevue\u00a0 avec lui pour exprimer nos dol\u00e9ances\u00bb\u00a0 a indiqu\u00e9 Amirouche, un des \u00e9tudiants-manifestants.<\/p>\n<p class=\"c6\">Pour rappel, le ministre de la justice, Belkacem Zeghmani, avait indiqu\u00e9 en f\u00e9vrier 2020, que l\u2019ouverture des concours d\u2019acc\u00e8s au CAPA et les sessions de prestation de serment relevaient exclusivement des ordres des avocats et n\u2019\u00e9taient pas du ressort du minist\u00e8re de la justice.\u00a0<\/p>\n<p class=\"c7\">\u00a0<\/p>\n<p class=\"c7\"><strong>\u200bK.T pour R\u00e9daction WEB<\/strong><\/p>\n<\/div>\n<p>Auteur:<br \/>\n<a href=\"https:\/\/www.liberte-algerie.com\/actualite\/les-etudiants-en-droit-manifestent-a-tizi-ouzou-352565\">Cliquez ici pour lire l&rsquo;article depuis sa source.<\/a><\/p>\n","protected":false},"excerpt":{"rendered":"<p>Une centaine d\u2019\u00e9tudiants de la facult\u00e9 de droit de Boukhalfa, relevant de l\u2019universit\u00e9 Mouloud Mammeri de Tizi-Ouzou ont observ\u00e9, ce dimanche,\u00a0 un sit-in devant le si\u00e8ge de l\u2019Ordre des avocats de Tizi-Ouzou. Par cette manifestation, qui est organis\u00e9e dans le cadre d\u2019un mouvement national suivi dans pas moins de 27 wilayas, les manifestants exigent la [&hellip;]<\/p>\n","protected":false},"author":1742,"featured_media":0,"comment_status":"closed","ping_status":"closed","sticky":false,"template":"","format":"standard","meta":{"fifu_image_url":"","fifu_image_alt":"","footnotes":""},"categories":[73,53],"tags":[],"class_list":["post-109442","post","type-post","status-publish","format-standard","hentry","category-actualite","category-algerie"],"_links":{"self":[{"href":"https:\/\/linitiative.ca\/International\/wp-json\/wp\/v2\/posts\/109442","targetHints":{"allow":["GET"]}}],"collection":[{"href":"https:\/\/linitiative.ca\/International\/wp-json\/wp\/v2\/posts"}],"about":[{"href":"https:\/\/linitiative.ca\/International\/wp-json\/wp\/v2\/types\/post"}],"author":[{"embeddable":true,"href":"https:\/\/linitiative.ca\/International\/wp-json\/wp\/v2\/users\/1742"}],"replies":[{"embeddable":true,"href":"https:\/\/linitiative.ca\/International\/wp-json\/wp\/v2\/comments?post=109442"}],"version-history":[{"count":0,"href":"https:\/\/linitiative.ca\/International\/wp-json\/wp\/v2\/posts\/109442\/revisions"}],"wp:attachment":[{"href":"https:\/\/linitiative.ca\/International\/wp-json\/wp\/v2\/media?parent=109442"}],"wp:term":[{"taxonomy":"category","embeddable":true,"href":"https:\/\/linitiative.ca\/International\/wp-json\/wp\/v2\/categories?post=109442"},{"taxonomy":"post_tag","embeddable":true,"href":"https:\/\/linitiative.ca\/International\/wp-json\/wp\/v2\/tags?post=109442"}],"curies":[{"name":"wp","href":"https:\/\/api.w.org\/{rel}","templated":true}]}}