{"id":109444,"date":"2021-01-17T07:31:08","date_gmt":"2021-01-17T12:31:08","guid":{"rendered":"https:\/\/linitiative.ca\/International\/campagne-de-plaidoyer-pour-la-depenalisation-des-infractions-mineures\/"},"modified":"2021-01-17T07:31:08","modified_gmt":"2021-01-17T12:31:08","slug":"campagne-de-plaidoyer-pour-la-depenalisation-des-infractions-mineures","status":"publish","type":"post","link":"https:\/\/linitiative.ca\/International\/campagne-de-plaidoyer-pour-la-depenalisation-des-infractions-mineures\/","title":{"rendered":"Campagne de plaidoyer pour la d\u00e9p\u00e9nalisation des infractions mineures"},"content":{"rendered":"<div readability=\"35\">\n<p>Marrakech \u2013 L\u2019Association \u00ab\u00a0Adala pour le droit \u00e0 un proc\u00e8s \u00e9quitable\u00a0\u00bb a organis\u00e9 vendredi \u00e0 Marrakech, un s\u00e9minaire pour le lancement de sa \u00ab\u00a0Campagne de plaidoyer pour la d\u00e9p\u00e9nalisation des infractions mineures au Maroc\u00a0\u00bb.<\/p>\n<\/div>\n<div readability=\"84\">\n<p>Initi\u00e9e avec le soutien de l\u2019Open Society Foundations, cette campagne vise \u00e0 sensibiliser sur la n\u00e9cessit\u00e9 d\u2019adopter des peines alternatives \u00e0 la d\u00e9tention et pour la r\u00e9forme du syst\u00e8me p\u00e9nal et judiciaire, indique un communiqu\u00e9 de cette association marocaine.<\/p>\n<p>Selon l\u2019association Adala pour le droit \u00e0 un proc\u00e8s \u00e9quitable, se r\u00e9f\u00e9rant \u00e0 des statistiques de la Direction g\u00e9n\u00e9rale de la S\u00fbret\u00e9 nationale (DGSN), dans le contexte sanitaire actuel, plus de 91.623 personnes ont \u00e9t\u00e9 arr\u00eat\u00e9es et poursuivies en justice dans le cadre du d\u00e9cret-loi n\u00b02-20.292 pour violation de l\u2019\u00e9tat d\u2019urgence sanitaire et d\u2019autres d\u00e9lits.<\/p>\n<p>\u00ab\u00a0Il s\u2019agit, principalement de d\u00e9placements sans autorisation, du non port de masque de protection, d\u2019attroupement et r\u00e9bellion ainsi que l\u2019incitation \u00e0 ces d\u00e9lits, de non-ex\u00e9cution de travaux ordonn\u00e9s par les pouvoirs publics, de refus d\u2019obtemp\u00e9rer aux forces de l\u2019ordre\u00a0\u00bb, selon la DGSN.<\/p>\n<p>\u00ab\u00a0Cette campagne de plaidoyer pour la d\u00e9p\u00e9nalisation des infractions mineures au Maroc doit inciter \u00e0 r\u00e9fl\u00e9chir et \u00e0 mettre en application des solutions alternatives, d\u2019autant plus que la d\u00e9tention n\u2019a dans aucun pays permis d\u2019\u00e9liminer les infractions, sachant que les infractions mineures p\u00e9nalisent plus durement les populations les plus vuln\u00e9rables en aggravant les conditions socio-\u00e9conomiques de familles enti\u00e8res\u00a0\u00bb, souligne la m\u00eame source.<\/p>\n<p>\u00ab\u00a0Compte tenu des budgets colossaux n\u00e9cessaires au maintien en d\u00e9tention, il semble opportun de plaider en faveur d\u2019une justice restaurative\u00a0\u00bb, insiste cette association.<\/p>\n<p>Des repr\u00e9sentants d\u2019institutions gouvernementales, nationales et universitaires, ainsi que des experts et des repr\u00e9sentants de la soci\u00e9t\u00e9 civile ont particip\u00e9 \u00e0 ce s\u00e9minaire pour \u00e9tudier les enjeux et les perspectives du syst\u00e8me p\u00e9nal et judiciaire au Maroc.<\/p>\n<p>Ce s\u00e9minaire avait pour objectif de pr\u00e9senter aux professionnels de la justice, aux repr\u00e9sentants des services sociaux, aux acteurs de la soci\u00e9t\u00e9 civile et au grand public les objectifs et activit\u00e9s pr\u00e9vues dans le cadre du projet.<\/p>\n<p>Au menu de cette rencontre figuraient des sessions ax\u00e9es sur des th\u00e9matiques se rapportant notamment \u00e0 \u00ab\u00a0la politique p\u00e9nale et au principe de d\u00e9p\u00e9nalisation\u00a0\u00bb et \u00ab\u00a0D\u00e9fis et probl\u00e9matiques de la justice p\u00e9nale\u00a0\u00bb.<\/p>\n<\/div>\n<p>Auteur: Meriem IGASS<br \/>\n<a href=\"http:\/\/www.mapmarrakech.ma\/fr\/campagne-de-plaidoyer-pour-la-depenalisation-des-infractions-mineures\/\">Cliquez ici pour lire l&rsquo;article depuis sa source.<\/a><\/p>\n","protected":false},"excerpt":{"rendered":"<p>Marrakech \u2013 L\u2019Association \u00ab\u00a0Adala pour le droit \u00e0 un proc\u00e8s \u00e9quitable\u00a0\u00bb a organis\u00e9 vendredi \u00e0 Marrakech, un s\u00e9minaire pour le lancement de sa \u00ab\u00a0Campagne de plaidoyer pour la d\u00e9p\u00e9nalisation des infractions mineures au Maroc\u00a0\u00bb. Initi\u00e9e avec le soutien de l\u2019Open Society Foundations, cette campagne vise \u00e0 sensibiliser sur la n\u00e9cessit\u00e9 d\u2019adopter des peines alternatives \u00e0 [&hellip;]<\/p>\n","protected":false},"author":1788,"featured_media":0,"comment_status":"closed","ping_status":"closed","sticky":false,"template":"","format":"standard","meta":{"fifu_image_url":"","fifu_image_alt":"","footnotes":""},"categories":[54,76],"tags":[],"class_list":["post-109444","post","type-post","status-publish","format-standard","hentry","category-maroc","category-regions"],"_links":{"self":[{"href":"https:\/\/linitiative.ca\/International\/wp-json\/wp\/v2\/posts\/109444","targetHints":{"allow":["GET"]}}],"collection":[{"href":"https:\/\/linitiative.ca\/International\/wp-json\/wp\/v2\/posts"}],"about":[{"href":"https:\/\/linitiative.ca\/International\/wp-json\/wp\/v2\/types\/post"}],"author":[{"embeddable":true,"href":"https:\/\/linitiative.ca\/International\/wp-json\/wp\/v2\/users\/1788"}],"replies":[{"embeddable":true,"href":"https:\/\/linitiative.ca\/International\/wp-json\/wp\/v2\/comments?post=109444"}],"version-history":[{"count":0,"href":"https:\/\/linitiative.ca\/International\/wp-json\/wp\/v2\/posts\/109444\/revisions"}],"wp:attachment":[{"href":"https:\/\/linitiative.ca\/International\/wp-json\/wp\/v2\/media?parent=109444"}],"wp:term":[{"taxonomy":"category","embeddable":true,"href":"https:\/\/linitiative.ca\/International\/wp-json\/wp\/v2\/categories?post=109444"},{"taxonomy":"post_tag","embeddable":true,"href":"https:\/\/linitiative.ca\/International\/wp-json\/wp\/v2\/tags?post=109444"}],"curies":[{"name":"wp","href":"https:\/\/api.w.org\/{rel}","templated":true}]}}