{"id":109446,"date":"2021-01-16T14:24:27","date_gmt":"2021-01-16T19:24:27","guid":{"rendered":"https:\/\/linitiative.ca\/International\/le-francais-bernard-casoni-nouvel-entraineur-du-mco\/"},"modified":"2021-01-16T14:24:27","modified_gmt":"2021-01-16T19:24:27","slug":"le-francais-bernard-casoni-nouvel-entraineur-du-mco","status":"publish","type":"post","link":"https:\/\/linitiative.ca\/International\/le-francais-bernard-casoni-nouvel-entraineur-du-mco\/","title":{"rendered":"Le Fran\u00e7ais Bernard Casoni nouvel entra\u00eeneur du MCO"},"content":{"rendered":"<div class=\"single-featured\"><img alt=\"\" data-src=\"http:\/\/www.mapoujda.ma\/map\/uploads\/2021\/01\/Lentra&#xEE;neur-Bernard-Casoni-750&#xD7;430-DR.jpg\"\/><\/div>\n<div class=\"entry-content clearfix single-post-content\" readability=\"51\">\n<p class=\"c4\">Le technicien fran\u00e7ais Bernard Casoni a \u00e9t\u00e9 choisi pour prendre les commandes du Mouloudia Club d\u2019Oujda (MCO), a indiqu\u00e9 samedi le club oujdi sur sa page Facebook officielle.<\/p>\n<p class=\"c4\">La nomination de Casoni intervient quelques jours apr\u00e8s l\u2019annonce du limogeage de l\u2019ancien international marocain Abdeslam Ouaddou qui avait \u00e9t\u00e9 choisi en d\u00e9but de saison pour occuper le poste d\u2019entra\u00eeneur du MCO, en remplacement de l\u2019entra\u00eeneur alg\u00e9rien Abdelhak Benchikha.<\/p>\n<p class=\"c4\">Le technicien fran\u00e7ais a paraph\u00e9 un contrat qui court jusqu\u2019\u00e0 la fin de cette saison, avec une possibilit\u00e9 de reconduction, fait savoir la m\u00eame source.<\/p>\n<p class=\"c4\">Avec un seul point au compteur, le Mouloudia se trouvait en bas du classement \u00e0 l\u2019issue de la 5\u00e8me journ\u00e9e de la Botola Pro D1 \u00ab Inwi \u00bb, apr\u00e8s avoir essuy\u00e9 son 4\u00e8 revers de suite en s\u2019inclinant \u00e0 domicile (1-0) dans les derniers souffles du derby de l\u2019Oriental devant la Renaissance de Berkane.<\/p>\n<\/div>\n<p>Auteur: Soufiane ELAHMAR<br \/>\n<a href=\"http:\/\/www.mapoujda.ma\/fr\/le-francais-bernard-casoni-nouvel-entraineur-du-mco\/\">Cliquez ici pour lire l&rsquo;article depuis sa source.<\/a><\/p>\n","protected":false},"excerpt":{"rendered":"<p>Le technicien fran\u00e7ais Bernard Casoni a \u00e9t\u00e9 choisi pour prendre les commandes du Mouloudia Club d\u2019Oujda (MCO), a indiqu\u00e9 samedi le club oujdi sur sa page Facebook officielle. La nomination de Casoni intervient quelques jours apr\u00e8s l\u2019annonce du limogeage de l\u2019ancien international marocain Abdeslam Ouaddou qui avait \u00e9t\u00e9 choisi en d\u00e9but de saison pour occuper [&hellip;]<\/p>\n","protected":false},"author":1788,"featured_media":0,"comment_status":"closed","ping_status":"closed","sticky":false,"template":"","format":"standard","meta":{"fifu_image_url":"http:\/\/www.mapoujda.ma\/map\/uploads\/2021\/01\/Lentra\u00eeneur-Bernard-Casoni-750\u00d7430-DR.jpg","fifu_image_alt":"Le Fran\u00e7ais Bernard Casoni nouvel entra\u00eeneur du MCO","footnotes":""},"categories":[54,76],"tags":[],"class_list":["post-109446","post","type-post","status-publish","format-standard","hentry","category-maroc","category-regions"],"_links":{"self":[{"href":"https:\/\/linitiative.ca\/International\/wp-json\/wp\/v2\/posts\/109446","targetHints":{"allow":["GET"]}}],"collection":[{"href":"https:\/\/linitiative.ca\/International\/wp-json\/wp\/v2\/posts"}],"about":[{"href":"https:\/\/linitiative.ca\/International\/wp-json\/wp\/v2\/types\/post"}],"author":[{"embeddable":true,"href":"https:\/\/linitiative.ca\/International\/wp-json\/wp\/v2\/users\/1788"}],"replies":[{"embeddable":true,"href":"https:\/\/linitiative.ca\/International\/wp-json\/wp\/v2\/comments?post=109446"}],"version-history":[{"count":0,"href":"https:\/\/linitiative.ca\/International\/wp-json\/wp\/v2\/posts\/109446\/revisions"}],"wp:attachment":[{"href":"https:\/\/linitiative.ca\/International\/wp-json\/wp\/v2\/media?parent=109446"}],"wp:term":[{"taxonomy":"category","embeddable":true,"href":"https:\/\/linitiative.ca\/International\/wp-json\/wp\/v2\/categories?post=109446"},{"taxonomy":"post_tag","embeddable":true,"href":"https:\/\/linitiative.ca\/International\/wp-json\/wp\/v2\/tags?post=109446"}],"curies":[{"name":"wp","href":"https:\/\/api.w.org\/{rel}","templated":true}]}}