{"id":109448,"date":"2021-01-17T15:10:08","date_gmt":"2021-01-17T20:10:08","guid":{"rendered":"https:\/\/linitiative.ca\/International\/pros-el-mellali-remarquable-face-au-psg\/"},"modified":"2021-01-17T15:10:08","modified_gmt":"2021-01-17T20:10:08","slug":"pros-el-mellali-remarquable-face-au-psg","status":"publish","type":"post","link":"https:\/\/linitiative.ca\/International\/pros-el-mellali-remarquable-face-au-psg\/","title":{"rendered":"Pros : El Mellali remarquable face au PSG"},"content":{"rendered":"<div readability=\"32\">\n<p>Auteur : <span>Moumen A.<\/span> <span class=\"time\">dimanche 17 janvier 2021 20:17<\/span><\/p>\n<\/div>\n<div id=\"post_core\" readability=\"42\">\n<p>Alors qu\u2019il n\u2019a jou\u00e9 que les dix derni\u00e8res minute de jeu du match perdu par ses camarades face au Paris Saint-Germain un but \u00e0 z\u00e9ro,\u00a0 l\u2019ailier droit alg\u00e9rien du SCO d\u2019Angers, Farid El Melali a r\u00e9ussi \u00e0 se distinguer en laissant selon plusieurs journaux sp\u00e9cialises en France\u00a0 une bonne impression. Laiss\u00e9 libre de partir, l\u2019entraineur d\u2019Angers \u00a0St\u00e9phane Moulin a certainement chang\u00e9 d\u2019avis puisque Farid lui a d\u00e9montr\u00e9 qu\u2019il \u00e9tait bien en mesure d\u2019apporter le plus pour son \u00e9quipe durant cette phase retour et pr\u00e9tendre \u00e0 prendre une place de titulaire lors des matchs \u00e0 venir. Face au PSG, l\u2019attaquant alg\u00e9rien a \u00e9t\u00e9 l\u2019\u00e9l\u00e9ment le plus\u00a0 dangereux et le joueur\u00a0 Angevin qui a provoqu\u00e9 le plus les d\u00e9fenseurs parisiens, alors qu\u2019il n\u2019a disput\u00e9 que quelques\u00a0 minutes comparativement \u00e0 ses co\u00e9quipiers qui ont disput\u00e9 toute la rencontre.<\/p>\n<p><strong>Moumen A.<\/strong><\/p>\n<p><strong>Publi\u00e9 dans :<\/strong> <span>Farid El Mellali<\/span> <span>Belmadi Djamel<\/span><\/p>\n<\/div>\n<p>Auteur:<br \/>\n<a href=\"http:\/\/www.lebuteur.com\/article\/detail?titre=el-mellali-remarquable-face-au-psg&#038;id=98756&#038;utm_source=feedburner&#038;utm_medium=feed&#038;utm_campaign=Feed%3A+GalerieFArtciles+%28Les+derniers+articles++-+lebuteur.com%29\">Cliquez ici pour lire l&rsquo;article depuis sa source.<\/a><\/p>\n","protected":false},"excerpt":{"rendered":"<p>Auteur : Moumen A. dimanche 17 janvier 2021 20:17 Alors qu\u2019il n\u2019a jou\u00e9 que les dix derni\u00e8res minute de jeu du match perdu par ses camarades face au Paris Saint-Germain un but \u00e0 z\u00e9ro,\u00a0 l\u2019ailier droit alg\u00e9rien du SCO d\u2019Angers, Farid El Melali a r\u00e9ussi \u00e0 se distinguer en laissant selon plusieurs journaux sp\u00e9cialises en [&hellip;]<\/p>\n","protected":false},"author":1738,"featured_media":0,"comment_status":"closed","ping_status":"closed","sticky":false,"template":"","format":"standard","meta":{"fifu_image_url":"\/\/cdn.lebuteur.com\/data\/images\/article\/thumbs\/large-el-mellali-remarquable-face-au-psg-e705b.jpg","fifu_image_alt":"Pros : El Mellali remarquable face au PSG","footnotes":""},"categories":[53,75],"tags":[],"class_list":["post-109448","post","type-post","status-publish","format-standard","hentry","category-algerie","category-sport"],"_links":{"self":[{"href":"https:\/\/linitiative.ca\/International\/wp-json\/wp\/v2\/posts\/109448","targetHints":{"allow":["GET"]}}],"collection":[{"href":"https:\/\/linitiative.ca\/International\/wp-json\/wp\/v2\/posts"}],"about":[{"href":"https:\/\/linitiative.ca\/International\/wp-json\/wp\/v2\/types\/post"}],"author":[{"embeddable":true,"href":"https:\/\/linitiative.ca\/International\/wp-json\/wp\/v2\/users\/1738"}],"replies":[{"embeddable":true,"href":"https:\/\/linitiative.ca\/International\/wp-json\/wp\/v2\/comments?post=109448"}],"version-history":[{"count":0,"href":"https:\/\/linitiative.ca\/International\/wp-json\/wp\/v2\/posts\/109448\/revisions"}],"wp:attachment":[{"href":"https:\/\/linitiative.ca\/International\/wp-json\/wp\/v2\/media?parent=109448"}],"wp:term":[{"taxonomy":"category","embeddable":true,"href":"https:\/\/linitiative.ca\/International\/wp-json\/wp\/v2\/categories?post=109448"},{"taxonomy":"post_tag","embeddable":true,"href":"https:\/\/linitiative.ca\/International\/wp-json\/wp\/v2\/tags?post=109448"}],"curies":[{"name":"wp","href":"https:\/\/api.w.org\/{rel}","templated":true}]}}