{"id":109450,"date":"2021-01-17T15:10:12","date_gmt":"2021-01-17T20:10:12","guid":{"rendered":"https:\/\/linitiative.ca\/International\/pros-encore-un-match-plein-de-zerrouki\/"},"modified":"2021-01-17T15:10:12","modified_gmt":"2021-01-17T20:10:12","slug":"pros-encore-un-match-plein-de-zerrouki","status":"publish","type":"post","link":"https:\/\/linitiative.ca\/International\/pros-encore-un-match-plein-de-zerrouki\/","title":{"rendered":"Pros : Encore un match plein de Zerrouki !"},"content":{"rendered":"<div readability=\"32\">\n<p>Auteur : <span>Moumen A.<\/span> <span class=\"time\">dimanche 17 janvier 2021 20:31<\/span><\/p>\n<\/div>\n<div id=\"post_core\" readability=\"40\">\n<p>Le milieu de terrain d\u00e9fensif alg\u00e9rien Ramiz Zerrouki a enchain\u00e9 hier par un autre match comme titulaire avec Twente FC qui est all\u00e9 chercher un point pr\u00e9cieux de son d\u00e9placement Groningen. Zerrouki qui a choisi de porter les couleurs de l&rsquo;Alg\u00e9rien,\u00a0 s\u2019est bien comport\u00e9 durant les 90 minutes disput\u00e9es, dans son r\u00f4le de milieu r\u00e9cup\u00e9rateur. Celui qu&rsquo;on consid\u00e8re comme la d\u00e9couverte du staff des Verts, engrange malgr\u00e9 son jeune \u00e2ge plusieurs matchs parmi l&rsquo;\u00e9lite du football Hollandais<\/p>\n<p><strong>Moumen A.<\/strong><\/p>\n<p><strong>Publi\u00e9 dans :<\/strong> <span>Belmadi Djamel<\/span> <span>Ramiz Zerrouki<\/span><\/p>\n<\/div>\n<p>Auteur:<br \/>\n<a href=\"http:\/\/www.lebuteur.com\/article\/detail?titre=encore-un-match-plein-de-zerrouki&#038;id=98758&#038;utm_source=feedburner&#038;utm_medium=feed&#038;utm_campaign=Feed%3A+GalerieFArtciles+%28Les+derniers+articles++-+lebuteur.com%29\">Cliquez ici pour lire l&rsquo;article depuis sa source.<\/a><\/p>\n","protected":false},"excerpt":{"rendered":"<p>Auteur : Moumen A. dimanche 17 janvier 2021 20:31 Le milieu de terrain d\u00e9fensif alg\u00e9rien Ramiz Zerrouki a enchain\u00e9 hier par un autre match comme titulaire avec Twente FC qui est all\u00e9 chercher un point pr\u00e9cieux de son d\u00e9placement Groningen. Zerrouki qui a choisi de porter les couleurs de l&rsquo;Alg\u00e9rien,\u00a0 s\u2019est bien comport\u00e9 durant les [&hellip;]<\/p>\n","protected":false},"author":1738,"featured_media":0,"comment_status":"closed","ping_status":"closed","sticky":false,"template":"","format":"standard","meta":{"fifu_image_url":"\/\/cdn.lebuteur.com\/data\/images\/article\/thumbs\/large-encioe-un-match-plein-de-zerrouki-002c5.jpg","fifu_image_alt":"Pros : Encore un match plein de Zerrouki !","footnotes":""},"categories":[53,75],"tags":[],"class_list":["post-109450","post","type-post","status-publish","format-standard","hentry","category-algerie","category-sport"],"_links":{"self":[{"href":"https:\/\/linitiative.ca\/International\/wp-json\/wp\/v2\/posts\/109450","targetHints":{"allow":["GET"]}}],"collection":[{"href":"https:\/\/linitiative.ca\/International\/wp-json\/wp\/v2\/posts"}],"about":[{"href":"https:\/\/linitiative.ca\/International\/wp-json\/wp\/v2\/types\/post"}],"author":[{"embeddable":true,"href":"https:\/\/linitiative.ca\/International\/wp-json\/wp\/v2\/users\/1738"}],"replies":[{"embeddable":true,"href":"https:\/\/linitiative.ca\/International\/wp-json\/wp\/v2\/comments?post=109450"}],"version-history":[{"count":0,"href":"https:\/\/linitiative.ca\/International\/wp-json\/wp\/v2\/posts\/109450\/revisions"}],"wp:attachment":[{"href":"https:\/\/linitiative.ca\/International\/wp-json\/wp\/v2\/media?parent=109450"}],"wp:term":[{"taxonomy":"category","embeddable":true,"href":"https:\/\/linitiative.ca\/International\/wp-json\/wp\/v2\/categories?post=109450"},{"taxonomy":"post_tag","embeddable":true,"href":"https:\/\/linitiative.ca\/International\/wp-json\/wp\/v2\/tags?post=109450"}],"curies":[{"name":"wp","href":"https:\/\/api.w.org\/{rel}","templated":true}]}}