{"id":109451,"date":"2021-01-17T15:10:15","date_gmt":"2021-01-17T20:10:15","guid":{"rendered":"https:\/\/linitiative.ca\/International\/pros-medioub-et-khacef-reviennent-en-force-avec-tondela\/"},"modified":"2021-01-17T15:10:15","modified_gmt":"2021-01-17T20:10:15","slug":"pros-medioub-et-khacef-reviennent-en-force-avec-tondela","status":"publish","type":"post","link":"https:\/\/linitiative.ca\/International\/pros-medioub-et-khacef-reviennent-en-force-avec-tondela\/","title":{"rendered":"Pros : Medioub et Khacef reviennent en force avec Tondela"},"content":{"rendered":"<div readability=\"32\">\n<p>Auteur : <span>Moumen A.<\/span> <span class=\"time\">dimanche 17 janvier 2021 20:36<\/span><\/p>\n<\/div>\n<div id=\"post_core\" readability=\"47\">\n<p>Au Portugal, le\u00a0 d\u00e9fenseur central alg\u00e9rien\u00a0 Abdeljalil Medioub\u00a0\u00a0 enchaine\u00a0 les performances avec son club Tondela. L\u2019ancien Bordelais qui est revenu comme titulaire dans l\u2019axe de la d\u00e9fense, a fourni une belle prestation contre \u00a0 Boavista Porto. Parti pour engranger du temps de jeu afin de pouvoir d\u00e9fendre son statut d\u2019international en \u00e9quipe d\u2019Alg\u00e9rie Medioub a align\u00e9 un autre match complet. Il a contribu\u00e9 grandement au succ\u00e8s de son \u00e9quipe sur le score de trois buts \u00e0 un.<\/p>\n<p><strong>Khacef prend le dessus sur Hamache<\/strong><\/p>\n<p>On parle beaucoup\u00a0 de Yanis Hamache mais l\u2019autre jeune d\u00e9fenseur lat\u00e9ral gauche alg\u00e9rien Nawfel Khacef se pr\u00e9sente comme une tr\u00e8s bonne solution aussi pour Djamel Belmadi. L\u2019ancien joueur du NAHD Hussein Dey toutle temps retenu dans la liste \u00e9largie du s\u00e9lectionneur national,\u00a0 a lui aussi align\u00e9 une seconde titularisation de suite avec Tondela lors de la victoire contre Boavista Porto o\u00f9 \u00e9volue justement Hamache. Khacef signe aussi des performances qui m\u00e9ritent d\u2019\u00eatre signal\u00e9es.<\/p>\n<p><strong>Moumen A.<\/strong><\/p>\n<p><strong>Publi\u00e9 dans :<\/strong> <span>Khacef<\/span> <span>Belmadi Djamel.<\/span> <span>Medioub<\/span><\/p>\n<\/div>\n<p>Auteur:<br \/>\n<a href=\"http:\/\/www.lebuteur.com\/article\/detail?titre=medioub-et-khacef-reviennent-en-force-avec-tondela&#038;id=98759&#038;utm_source=feedburner&#038;utm_medium=feed&#038;utm_campaign=Feed%3A+GalerieFArtciles+%28Les+derniers+articles++-+lebuteur.com%29\">Cliquez ici pour lire l&rsquo;article depuis sa source.<\/a><\/p>\n","protected":false},"excerpt":{"rendered":"<p>Auteur : Moumen A. dimanche 17 janvier 2021 20:36 Au Portugal, le\u00a0 d\u00e9fenseur central alg\u00e9rien\u00a0 Abdeljalil Medioub\u00a0\u00a0 enchaine\u00a0 les performances avec son club Tondela. L\u2019ancien Bordelais qui est revenu comme titulaire dans l\u2019axe de la d\u00e9fense, a fourni une belle prestation contre \u00a0 Boavista Porto. Parti pour engranger du temps de jeu afin de pouvoir [&hellip;]<\/p>\n","protected":false},"author":1738,"featured_media":0,"comment_status":"closed","ping_status":"closed","sticky":false,"template":"","format":"standard","meta":{"fifu_image_url":"\/\/cdn.lebuteur.com\/data\/images\/article\/thumbs\/large-medioub-et-khacef-reviennent-en-force-avec-tondela-17ba3.jpg","fifu_image_alt":"Pros : Medioub et Khacef reviennent en force avec Tondela","footnotes":""},"categories":[53,75],"tags":[],"class_list":["post-109451","post","type-post","status-publish","format-standard","hentry","category-algerie","category-sport"],"_links":{"self":[{"href":"https:\/\/linitiative.ca\/International\/wp-json\/wp\/v2\/posts\/109451","targetHints":{"allow":["GET"]}}],"collection":[{"href":"https:\/\/linitiative.ca\/International\/wp-json\/wp\/v2\/posts"}],"about":[{"href":"https:\/\/linitiative.ca\/International\/wp-json\/wp\/v2\/types\/post"}],"author":[{"embeddable":true,"href":"https:\/\/linitiative.ca\/International\/wp-json\/wp\/v2\/users\/1738"}],"replies":[{"embeddable":true,"href":"https:\/\/linitiative.ca\/International\/wp-json\/wp\/v2\/comments?post=109451"}],"version-history":[{"count":0,"href":"https:\/\/linitiative.ca\/International\/wp-json\/wp\/v2\/posts\/109451\/revisions"}],"wp:attachment":[{"href":"https:\/\/linitiative.ca\/International\/wp-json\/wp\/v2\/media?parent=109451"}],"wp:term":[{"taxonomy":"category","embeddable":true,"href":"https:\/\/linitiative.ca\/International\/wp-json\/wp\/v2\/categories?post=109451"},{"taxonomy":"post_tag","embeddable":true,"href":"https:\/\/linitiative.ca\/International\/wp-json\/wp\/v2\/tags?post=109451"}],"curies":[{"name":"wp","href":"https:\/\/api.w.org\/{rel}","templated":true}]}}