{"id":109454,"date":"2021-01-17T04:00:00","date_gmt":"2021-01-17T09:00:00","guid":{"rendered":"https:\/\/linitiative.ca\/International\/hommage-a-pr-abdelkrim-bettaieb-leminent-neurologiste-et-chirurgien\/"},"modified":"2021-01-17T04:00:00","modified_gmt":"2021-01-17T09:00:00","slug":"hommage-a-pr-abdelkrim-bettaieb-leminent-neurologiste-et-chirurgien","status":"publish","type":"post","link":"https:\/\/linitiative.ca\/International\/hommage-a-pr-abdelkrim-bettaieb-leminent-neurologiste-et-chirurgien\/","title":{"rendered":"Hommage \u00e0&#8230; Pr Abdelkrim Betta\u00efeb: L\u2019\u00e9minent neurologiste et chirurgien"},"content":{"rendered":"<p class=\"c3\"><span class=\"c2\"><em><strong>Par Pr Abdelaziz Annabi &#8211;<\/strong><\/em><\/span> <strong>Le professeur Abdelkrim Betta\u00efeb nous quitte au bout d\u2019une vie d\u2019anthologie que le grand \u00e2ges et une longue maladie ont pu affecter. Il avait gard\u00e9 jusqu\u2019aux derniers jours une prestance l\u00e9gendaire.<br \/>La Tunisie perd en la personne d\u2019Abdelkrim Betta\u00efeb un patriote et un rare neurologiste et neurochirurgien de l\u2019\u00e9cole de La Salp\u00eatri\u00e8re et de Lariboisi\u00e8re. Il a \u00e9t\u00e9 l\u2019un des premiers m\u00e9decins tunisiens nomm\u00e9s au fameux Concours d\u2019internat de l\u2019assistance publique, apr\u00e8s Zouha\u00efr Essafi, le premier Ancien interne des h\u00f4pitaux de Paris (Aihp), du monde arabe et de la Tunisie qui a \u00e9t\u00e9 re\u00e7u au concours avant l\u2019ind\u00e9pendance, tra\u00e7ant le chemin de la \u00abvoie royale\u00bb qu\u2019avait imagin\u00e9e Napol\u00e9on pour former une \u00e9lite de m\u00e9decins qualifi\u00e9s au service de la Nation, et que nombre de\u00a0 nos compatriotes, anciens coll\u00e8gues et a\u00een\u00e9s, ont emprunt\u00e9e, donnant \u00e0 la Tunisie le plus important contingent d\u2019 Aihp apr\u00e8s la France !<\/strong><\/p>\n<p>C&rsquo;Il avait r\u00e9pondu \u00e0 l\u2019appel du devoir national en juillet 1961 en renon\u00e7ant \u00e0 poursuivre son clinicat dans le prestigieux service de neurochirurgie du professeur Raymond Houdart \u00e0 l\u2019h\u00f4pital Lariboisi\u00e8re, rejoignant, sur instruction de Driss Guiga, ministre de la Sant\u00e9, les camarades m\u00e9decins et chirurgiens qui \u0153uvraient jour et nuit \u00e0 l\u2019h\u00f4pital Habib-Bougatfa de Bizerte dans la ville meurtrie, durant les heures dramatiques de la bataille de l\u2019Evacuation. Il avait rejoint Tunis et contribu\u00e9, durant ces ann\u00e9es h\u00e9ro\u00efques, \u00e0 mettre en place la premi\u00e8re unit\u00e9 de neurochirurgie de la Tunisie \u00e0 l\u2019h\u00f4pital de La Rabta. Il a particip\u00e9 dans\u00a0 le courant de 1962, conjointement avec les premiers m\u00e9decins universitaires tunisiens re\u00e7us au professorat en France, \u00e0 la cr\u00e9ation de la facult\u00e9 de M\u00e9decine de Tunis o\u00f9 il a assur\u00e9 seul, pendant une dizaine d\u2019ann\u00e9es, l\u2019enseignement de la s\u00e9miologie neurologique et des maladies du syst\u00e8me nerveux.<\/p>\n<p class=\"c4\"><img decoding=\"async\" src=\"\/uploads\/FCK_files\/Abdelkarim-Bettaeib.jpg\" width=\"100%\" vspace=\"5\" hspace=\"5\" align=\"middle\" alt=\"\"\/><\/p>\n<p>Abdelkrim Betta\u00efeb \u00e9tait \u00e0 la base de la formation des premiers infirmiers et instrumentistes en neurochirurgie, en m\u00eame temps que des premi\u00e8res promotions d\u2019\u00e9l\u00e8ves-r\u00e9sidents et d\u2019assistants, des futurs ma\u00eetres de conf\u00e9rences-agr\u00e9g\u00e9s et professeurs dans la sp\u00e9cialit\u00e9, qui forment aujourd\u2019hui le fleuron de la neurochirurgie en Tunisie et au Maghreb.<\/p>\n<p class=\"c4\"><img decoding=\"async\" src=\"\/uploads\/FCK_files\/Abdelkarim-Bettaeib-1.jpg\" width=\"100%\" vspace=\"5\" hspace=\"5\" align=\"middle\" alt=\"\"\/><\/p>\n<p>Il avait \u00e9t\u00e9 contraint, en f\u00e9vrier 1988, \u00e0 s\u2019expatrier au Kowe\u00eft o\u00f9 il a exerc\u00e9 jusqu\u2019\u00e0 l\u2019invasion militaire de l\u2019Irak en ao\u00fbt 1990. Voil\u00e0 un \u00e9pisode tristement c\u00e9l\u00e8bre de sa carri\u00e8re, fruit d\u2019une basse conspiration. Le professeur Betta\u00efeb \u00e9tait habilit\u00e9 \u00ab\u00e0 titre exceptionnel\u00bb \u00e0 exercer des actes r\u00e9mun\u00e9r\u00e9s dans l\u2019enceinte du service de neurochirurgie qu\u2019il dirigeait et o\u00f9 il proc\u00e9dait \u00e0 la fois aux diff\u00e9rentes interventions neurochirurgicales programm\u00e9es pour les patients du secteur public et du secteur priv\u00e9. Il \u00e9tait le seul neurochirurgien \u00e0 l\u2019\u00e9poque exer\u00e7ant de facto dans le bloc op\u00e9ratoire sp\u00e9cialis\u00e9 du service dans ce type de chirurgie o\u00f9 il avait r\u00e9uni l\u2019\u00e9quipe chirurgicale, qu\u2019il avait lui-m\u00eame form\u00e9e, ainsi que l\u2019instrumentation n\u00e9cessaire.<\/p>\n<p><img decoding=\"async\" src=\"\/uploads\/FCK_files\/Abdelkarim-Bettaeib-2.jpg\" width=\"100%\" vspace=\"5\" hspace=\"5\" align=\"middle\" alt=\"\"\/><\/p>\n<p>L\u2019un de nous s\u2019\u00e9tait rendu chez lui quelque temps apr\u00e8s l\u2019ingrate \u00abr\u00e9vocation\u00bb ourdie au lendemain du 7 Novembre, pour l\u2019avertir qu\u2019un proc\u00e8s arbitraire se tramait au Parquet \u00e0 son encontre et qu\u2019il lui fallait quitter le pays le plus rapidement possible. Son \u00e9pouse, Maggy, devait r\u00e9v\u00e9ler au visiteur et jeune coll\u00e8gue que Si Abdelkrim \u00e9tait d\u00e9j\u00e0 parti, qu\u2019il \u00e9tait sur place \u00e0 Kowe\u00eft et qu\u2019elle s\u2019appr\u00eatait \u00e0 le rejoindre. Il y \u00e9tait accueilli dans le syst\u00e8me hospitalier au plus haut grade de l\u2019\u00e9chelle universitaire, tout en \u00e9tant\u00a0 le consultant de la famille princi\u00e8re. Cet \u00e9pisode est rapport\u00e9 scrupuleusement dans son livre autobiographique intitul\u00e9 et \u00abLe M\u00e9decin le Despote\u00bb, publi\u00e9 apr\u00e8s le 14 janvier 2011 et traduit en trois langues.<\/p>\n<p class=\"c4\"><img decoding=\"async\" src=\"\/uploads\/FCK_files\/Abdelkarim-Bettaeib-3.jpg\" width=\"100%\" vspace=\"5\" hspace=\"5\" align=\"middle\" alt=\"\"\/><\/p>\n<p>Il \u00e9tait bassement calomni\u00e9 dans la position acad\u00e9mique et la sp\u00e9cialisation neurochirurgicale qui le distinguaient dans l\u2019\u00e9chiquier hospitalo-universitaire. Voil\u00e0 un proc\u00e8s d\u2019intention qu\u2019il \u00e9tait ais\u00e9 de provoquer\u2026 mais l\u2019art est difficile! Je me souviens particuli\u00e8rement d\u2019un patient porteur d\u2019un volumineux m\u00e9ningiome fronto-basal qu\u2019Abdelkrim Betta\u00efeb avait op\u00e9r\u00e9 \u00e0 ma demande, il y a pr\u00e8s de 40 ans. L\u2019intervention, \u00e0 laquelle j\u2019avais assist\u00e9, avait dur\u00e9 12 heures sans interruption et s\u2019\u00e9tait d\u00e9roul\u00e9e parfaitement, sans suites op\u00e9ratoires ! Un tel succ\u00e8s n\u2019avait pas manqu\u00e9 de persuader les citoyens des progr\u00e8s de la neurochirurgie en Tunisie, sous la conduite du Professeur Betta\u00efeb, et de r\u00e9duire le nombre de transferts \u00e0 l\u2019\u00e9tranger pour ce type d\u2019intervention.<\/p>\n<p>L\u2019impact m\u00e9dico-social de l\u2019intervention de ce patient \u00e9tait spectaculaire. On peut s\u2019interroger sur le co\u00fbt d\u2019une telle intervention si elle avait conduit \u00e0 la prise en charge du patient pour n\u00e9cessit\u00e9 de soins \u00e0 l\u2019\u00e9tranger par les caisses de l\u2019Etat, sachant combien la proc\u00e9dure de transfert \u00e9tait courante en pareil cas au d\u00e9but des ann\u00e9es 1980.<\/p>\n<p class=\"c4\"><img decoding=\"async\" src=\"\/uploads\/FCK_files\/Abdelkarim-Bettaeib-4.jpg\" width=\"100%\" vspace=\"5\" hspace=\"5\" align=\"middle\" alt=\"\"\/><\/p>\n<p>Au del\u00e0 de l\u2019hommage que nous lui rendons, le professeur Betta\u00efeb laisse derri\u00e8re lui un art s\u00e9miologique de b\u00e9n\u00e9dictin au \u00ablit du malade\u00bb, instruit par Raymond Garcin qui dirigea la Chaire inaugurale de la clinique neurologique de La Salp\u00eatri\u00e8re dont Si Abdelkrim fut l\u2019Interne une ann\u00e9e durant, au sein de la mythique division Mazarin. Le romancier J\u00e9r\u00f4me Garcin, petit-fils du dernier grand ma\u00eetre de La Salp\u00eatri\u00e8re apr\u00e8s Jean Martin Charcot, a immortalis\u00e9 sa m\u00e9moire dans son livre intitul\u00e9 \u00abLe syndrome de Garcin\u00bb. Mon ma\u00eetre Jean Lapresle, enseignant, neurologiste et neuropathogiste d\u2019exception, et qui fut son premier agr\u00e9g\u00e9, m\u2019a transmis son h\u00e9ritage spirituel. C\u2019est \u00e0 cette filiation qu\u2019il faut rattacher l\u2019esprit et la rigueur de fin clinicien qu\u2019\u00e9tait mon grand a\u00een\u00e9 Abdelkrim Betta\u00efeb.<\/p>\n<p>Quel parcours et quelle exemplarit\u00e9, depuis l\u2019enfance \u00e0 Ben Guerdane o\u00f9 il se rendait \u00e0 l\u2019\u00e9cole \u00e0 dos d\u2019\u00e2ne !.<\/p>\n<p class=\"c5\"><strong>Pr Abdelaziz Annabi<\/strong><\/p>\n<p>Auteur:<br \/>\n<a href=\"https:\/\/www.leaders.com.tn\/article\/31277-hommage-a-pr-abdelkrim-bettaieb-l-eminent-neurologiste-et-chirurgien\">Cliquez ici pour lire l&rsquo;article depuis sa source.<\/a><\/p>\n","protected":false},"excerpt":{"rendered":"<p>Par Pr Abdelaziz Annabi &#8211; Le professeur Abdelkrim Betta\u00efeb nous quitte au bout d\u2019une vie d\u2019anthologie que le grand \u00e2ges et une longue maladie ont pu affecter. Il avait gard\u00e9 jusqu\u2019aux derniers jours une prestance l\u00e9gendaire.La Tunisie perd en la personne d\u2019Abdelkrim Betta\u00efeb un patriote et un rare neurologiste et neurochirurgien de l\u2019\u00e9cole de La [&hellip;]<\/p>\n","protected":false},"author":1772,"featured_media":0,"comment_status":"closed","ping_status":"closed","sticky":false,"template":"","format":"standard","meta":{"fifu_image_url":"\/uploads\/FCK_files\/Abdelkarim-Bettaeib.jpg","fifu_image_alt":"Hommage \u00e0... Pr Abdelkrim Betta\u00efeb: L\u2019\u00e9minent neurologiste et chirurgien","footnotes":""},"categories":[73,55],"tags":[],"class_list":["post-109454","post","type-post","status-publish","format-standard","hentry","category-actualite","category-tunisie"],"_links":{"self":[{"href":"https:\/\/linitiative.ca\/International\/wp-json\/wp\/v2\/posts\/109454","targetHints":{"allow":["GET"]}}],"collection":[{"href":"https:\/\/linitiative.ca\/International\/wp-json\/wp\/v2\/posts"}],"about":[{"href":"https:\/\/linitiative.ca\/International\/wp-json\/wp\/v2\/types\/post"}],"author":[{"embeddable":true,"href":"https:\/\/linitiative.ca\/International\/wp-json\/wp\/v2\/users\/1772"}],"replies":[{"embeddable":true,"href":"https:\/\/linitiative.ca\/International\/wp-json\/wp\/v2\/comments?post=109454"}],"version-history":[{"count":0,"href":"https:\/\/linitiative.ca\/International\/wp-json\/wp\/v2\/posts\/109454\/revisions"}],"wp:attachment":[{"href":"https:\/\/linitiative.ca\/International\/wp-json\/wp\/v2\/media?parent=109454"}],"wp:term":[{"taxonomy":"category","embeddable":true,"href":"https:\/\/linitiative.ca\/International\/wp-json\/wp\/v2\/categories?post=109454"},{"taxonomy":"post_tag","embeddable":true,"href":"https:\/\/linitiative.ca\/International\/wp-json\/wp\/v2\/tags?post=109454"}],"curies":[{"name":"wp","href":"https:\/\/api.w.org\/{rel}","templated":true}]}}