{"id":109457,"date":"2021-01-17T05:00:00","date_gmt":"2021-01-17T10:00:00","guid":{"rendered":"https:\/\/linitiative.ca\/International\/baisse-sur-tous-les-plans\/"},"modified":"2021-01-17T05:00:00","modified_gmt":"2021-01-17T10:00:00","slug":"baisse-sur-tous-les-plans","status":"publish","type":"post","link":"https:\/\/linitiative.ca\/International\/baisse-sur-tous-les-plans\/","title":{"rendered":"Baisse sur tous les plans"},"content":{"rendered":"<div class=\"picture\"><img class=\"lazy\" data-original=\"\/data\/images\/article\/thumbs\/d-baisse-sur-tous-les-plans-431b2.jpg\"\/>\n<\/div>\n<p>L\u2019accalmie se confirme. La situation sanitaire est stable depuis quelques semaines d\u00e9j\u00e0. Les structures charg\u00e9es de la prise en charge du Covid-19 connaissent moins de tension, qu\u2019il s\u2019agisse d\u2019hospitalisations ou de nombre de patients admis en r\u00e9animation. Le constat est \u00e9tabli par le Pr Rachid Belhadj. Le CHU Mustapha conna\u00eet moins de tension. La demande sur les tests de d\u00e9pistage a \u00e9galement baiss\u00e9, assure le pr\u00e9sident du syndicat des laboratoires m\u00e9dicaux.<br \/>Nawal Im\u00e8s- Alger (Le Soir)- La tendance baissi\u00e8re se confirme. Le nombre de contaminations confirm\u00e9es reste en dessous des 300 cas quotidiens. Au niveau des structures de sant\u00e9, cela se ressent, qu\u2019il s\u2019agisse de l\u2019affluence au niveau des consultations, du nombre de personnes hospitalis\u00e9es ou admises en r\u00e9animation. C\u2019est le cas au niveau du Centre hospitalo-universitaire Mustapha Pacha. Le Pr Rachid Belhadj, directeur des activit\u00e9s m\u00e9dicales et param\u00e9dicales, assure que le CHU conna\u00eet \u00ab une situation tant esp\u00e9r\u00e9e pour nous. C\u2019\u00e9tait presque un r\u00eave apr\u00e8s ce qu\u2019on a endur\u00e9 \u00bb. Il d\u00e9crit \u00ab une situation g\u00e9rable \u00bb qui permet aux professionnels de la sant\u00e9 de souffler.<br \/>Le professeur Belhadj explique, en effet, que \u00ab la situation marqu\u00e9e par un nombre tr\u00e8s r\u00e9duit des nouveaux cas, moins de demandes pour les lits de r\u00e9animation, moins de cas s\u00e9v\u00e8res et moins de d\u00e9c\u00e8s. Certaines journ\u00e9es, nous enregistrons z\u00e9ro d\u00e9c\u00e8s mais nous recensons toujours des d\u00e9c\u00e8s et le virus est toujours l\u00e0 et il n\u2019a pas chang\u00e9 de cible. Il touche les personnes \u00e0 risques avec comorbidit\u00e9s ou ob\u00e8ses. Elles ne sont pas \u00e9pargn\u00e9es \u00bb.<br \/>Au plan national, l\u2019Institut national de sant\u00e9 publique confirme \u00e9galement cette tendance \u00e0 la baisse et note que \u00ab le ralentissement des notifications observ\u00e9 depuis environ le d\u00e9but du mois de d\u00e9cembre se poursuit aussi bien \u00e0 l \u00e9chelle nationale que r\u00e9gionale. Cette situation doit renforcer notre vigilance et ce, d\u2019autant que de nombreux pays enregistrent une augmentation consid\u00e9rable du nombre de cas diagnostiqu\u00e9s dont des pays voisins comme la Tunisie et le Maroc\u00bb.<br \/>Au niveau national, la moyenne quotidienne au cours des sept derniers jours est de 2522,9 patients en structure de sant\u00e9 contre 3086,6 la semaine pr\u00e9c\u00e9dente, soit une baisse de 18,3%.<br \/>Toutes les wilayas de la r\u00e9gion centre observent une diminution du nombre d\u2019hospitalisations. La r\u00e9gion est enregistre la diminution r\u00e9gionale la plus importante avec un recul de 25,6%. Aucune wilaya ne voit son nombre d\u2019hospitalisations augmenter. Pour la r\u00e9gion ouest, la diminution du nombre d\u2019hospitalisations est estim\u00e9e \u00e0 10,5%. Seules certaines wilayas du sud du pays font exception \u00e0 la r\u00e8gle.<br \/>Le d\u00e9pistage conna\u00eet lui aussi moins d\u2019engouement. Le Dr Mizi Oualaoua Yacine, pr\u00e9sident du Syndicat des laboratoires d\u2019analyses m\u00e9dicales note une \u00ab baisse importante des demandes en tests de d\u00e9pistage\u00bb. Les raisons ? Il explique cette situation par le recul du nombre de cas, notamment les plus s\u00e9v\u00e8res et affirme : \u00abJe pense aussi que les gens se testent moins. C\u2019est rentr\u00e9 dans la routine, il y a moins de cas s\u00e9v\u00e8res, donc moins de peur. Les gens vont chez le m\u00e9decin pour se faire traiter mais ne se font pas syst\u00e9matiquement d\u00e9pister.\u00bb<br \/>L\u2019Institut Pasteur, quant \u00e0 lui, continue de recevoir les pr\u00e9l\u00e8vements des diff\u00e9rentes structures de sant\u00e9 avec une moyenne quotidienne de 2 500 pr\u00e9l\u00e8vements par jour. Depuis quelques jours d\u00e9j\u00e0, le test PCR n\u2019est plus l\u2019unique test de r\u00e9f\u00e9rence, puisque le minist\u00e8re de la Sant\u00e9 a fini par prendre en compte les cas d\u00e9pist\u00e9s par tests antig\u00e9niques.<br \/>N. I.<\/p>\n<p>Auteur:<br \/>\n<a href=\"https:\/\/www.lesoirdalgerie.com\/actualites\/baisse-sur-tous-les-plans-54788\">Cliquez ici pour lire l&rsquo;article depuis sa source.<\/a><\/p>\n","protected":false},"excerpt":{"rendered":"<p>L\u2019accalmie se confirme. La situation sanitaire est stable depuis quelques semaines d\u00e9j\u00e0. Les structures charg\u00e9es de la prise en charge du Covid-19 connaissent moins de tension, qu\u2019il s\u2019agisse d\u2019hospitalisations ou de nombre de patients admis en r\u00e9animation. Le constat est \u00e9tabli par le Pr Rachid Belhadj. Le CHU Mustapha conna\u00eet moins de tension. La demande [&hellip;]<\/p>\n","protected":false},"author":1741,"featured_media":0,"comment_status":"closed","ping_status":"closed","sticky":false,"template":"","format":"standard","meta":{"fifu_image_url":"","fifu_image_alt":"","footnotes":""},"categories":[73,53],"tags":[],"class_list":["post-109457","post","type-post","status-publish","format-standard","hentry","category-actualite","category-algerie"],"_links":{"self":[{"href":"https:\/\/linitiative.ca\/International\/wp-json\/wp\/v2\/posts\/109457","targetHints":{"allow":["GET"]}}],"collection":[{"href":"https:\/\/linitiative.ca\/International\/wp-json\/wp\/v2\/posts"}],"about":[{"href":"https:\/\/linitiative.ca\/International\/wp-json\/wp\/v2\/types\/post"}],"author":[{"embeddable":true,"href":"https:\/\/linitiative.ca\/International\/wp-json\/wp\/v2\/users\/1741"}],"replies":[{"embeddable":true,"href":"https:\/\/linitiative.ca\/International\/wp-json\/wp\/v2\/comments?post=109457"}],"version-history":[{"count":0,"href":"https:\/\/linitiative.ca\/International\/wp-json\/wp\/v2\/posts\/109457\/revisions"}],"wp:attachment":[{"href":"https:\/\/linitiative.ca\/International\/wp-json\/wp\/v2\/media?parent=109457"}],"wp:term":[{"taxonomy":"category","embeddable":true,"href":"https:\/\/linitiative.ca\/International\/wp-json\/wp\/v2\/categories?post=109457"},{"taxonomy":"post_tag","embeddable":true,"href":"https:\/\/linitiative.ca\/International\/wp-json\/wp\/v2\/tags?post=109457"}],"curies":[{"name":"wp","href":"https:\/\/api.w.org\/{rel}","templated":true}]}}