{"id":109461,"date":"2021-01-17T05:00:00","date_gmt":"2021-01-17T10:00:00","guid":{"rendered":"https:\/\/linitiative.ca\/International\/le-ministere-du-commerce-pointe-du-doigt\/"},"modified":"2021-01-17T05:00:00","modified_gmt":"2021-01-17T10:00:00","slug":"le-ministere-du-commerce-pointe-du-doigt","status":"publish","type":"post","link":"https:\/\/linitiative.ca\/International\/le-ministere-du-commerce-pointe-du-doigt\/","title":{"rendered":"Le minist\u00e8re du Commerce point\u00e9 du doigt"},"content":{"rendered":"<div class=\"picture\"><img class=\"lazy\" data-original=\"\/data\/images\/article\/thumbs\/d-le-ministere-du-commerce-pointe-du-doigt-2ed7f.jpg\"\/><\/p>\n<p>\u00a9PPAgency<\/p>\n<\/div>\n<p>Le forum Echa\u00e2b, qui s\u2019est tenu hier samedi, intervient dans une conjoncture particuli\u00e8re marqu\u00e9e par la hausse vertigineuse des prix des produits de large consommation. Un expert a commenc\u00e9 par faire un expos\u00e9 sur le ph\u00e9nom\u00e8ne \u00e9conomique qui s\u00e9vit sur le march\u00e9 alg\u00e9rien, puis le repr\u00e9sentant des producteurs a qualifi\u00e9 la situation qui s\u00e9vit sur le march\u00e9 de d\u00e9bandade, alors que le pr\u00e9sident de l\u2019Association des consommateurs a fait l\u2019\u00e9tat des lieux.<br \/>Abdelhalim Benyell\u00e8s \u2013 Alger (Le Soir) &#8211; Mais ce qui m\u00e9rite d\u2019\u00eatre signal\u00e9, c\u2019est l\u2019absence, \u00ab injustifi\u00e9e \u00bb, selon les organisateurs de la s\u00e9ance, des repr\u00e9sentants du minist\u00e8re du Commerce. En effet, les d\u00e9bats ont pris un cheminement purement th\u00e9orique, \u00e0 tel point qu\u2019aucune r\u00e9ponse concr\u00e8te n\u2019est \u00e0 retenir quant au r\u00e8glement du probl\u00e8me des prix pour l\u2019ann\u00e9e 2021.<br \/>De ce fait, aucune information pratique n\u2019a \u00e9t\u00e9 abord\u00e9e sur le devenir du march\u00e9 qui menace s\u00e9v\u00e8rement le pouvoir d\u2019achat des citoyens. La situation prend l\u2019allure d\u2019un effet \u00abboule de neige\u00bb, selon Mustapha Zebdi, le repr\u00e9sentant de l\u2019Association de protection des consommateurs qui parle d\u2019une augmentation enclench\u00e9e depuis la fin de l\u2019ann\u00e9e 2020, citant au passage un autre ph\u00e9nom\u00e8ne inh\u00e9rent \u00e0 la perte de postes d\u2019emploi g\u00e9n\u00e9r\u00e9e par les effets de la pand\u00e9mie de Covid-19, qu\u2019il estime \u00e0 70% dans les entreprises de production et 30% dans les autres activit\u00e9s.<br \/>Il dira que ces augmentations sont sans fondement. Mais aussi, prenant l\u2019exemple de la hausse des prix des p\u00e2tes de 40%, il adresse, dans ce contexte, une attaque frontale en direction des autorit\u00e9s auxquelles il reproche de \u00abfaire la sourde oreille\u00bb aux appels de l\u2019Apoce. L\u2019ampleur de la crise qui s\u00e9vit sur le march\u00e9 de la consommation n\u2019est plus \u00e0 d\u00e9montrer, puisque l\u2019orateur dresse une liste exhaustive des produits s\u00e9v\u00e8rement affect\u00e9s par les augmentations, \u00e0 l\u2019exemple des p\u00e2tes + 40%, les viandes + 2,7%, l\u2019\u00e9lectrom\u00e9nager et l\u2019informatique entre 20% et 40%, les d\u00e9riv\u00e9s du lait entre 10% et 15%, les produits d\u2019emballage pr\u00e8s de 7%, la pi\u00e8ce de rechange + 50% et la quincaillerie + 300%.<br \/>\u00abLes pouvoirs publics concern\u00e9s par le march\u00e9 doivent intervenir afin de limiter la marge b\u00e9n\u00e9ficiaire\u00bb, pr\u00e9conise-t-il, avant de s\u2019insurger : \u00abIl y a des produits qui ont franchi une marge astronomique qui atteint 1000%\u00bb. Pour l\u2019expert Kaoubi, le sujet de l\u2019heure qui affecte s\u00e9v\u00e8rement le pouvoir d\u2019achat des citoyens se pr\u00e9sente sous forme d\u2019une \u00e9quation \u00e0 trois \u00e9l\u00e9ments, \u00e0 savoir l\u2019offre, la demande et le prix.<br \/>Pr\u00e9cisant que le march\u00e9 alg\u00e9rien \u00e9chappe \u00e0 la r\u00e8gle qui d\u00e9termine le prix du march\u00e9, \u00e0 savoir l\u2019offre et la demande, en raison de l\u2019anarchie qui pr\u00e9vaut, pr\u00e9cise-t-il. Cette anarchie, l\u2019\u00e9conomiste l\u2019explique par les m\u00e9canismes de la politique \u00e9conomique en Alg\u00e9rie. \u00abAu lieu de subventionner le producteur afin d\u2019agir sur les prix, l\u2019Etat subventionne le consommateur\u00bb, d\u00e9clare-t-il, ce qui conduit au gaspillage, faisant savoir que c\u2019est l\u2019am\u00e9lioration de la productivit\u00e9 qui est \u00e0 m\u00eame d\u2019agir sur la qualit\u00e9 des prix. Cette subvention p\u00e8se lourdement sur le budget de l\u2019Etat, et l\u2019\u00e9conomiste l\u2019\u00e9value \u00e0 1800 milliards de DA. Outre cela, il ajoute que la d\u00e9pr\u00e9ciation du dinar a agi consid\u00e9rablement sur le march\u00e9 alg\u00e9rien, passant entre 2020 et 2021 \u00e0 9%.<br \/>Du reste, en l\u2019absence des repr\u00e9sentants du minist\u00e8re du Commerce, le d\u00e9partement le plus concern\u00e9 par la crise qui pr\u00e9vaut actuellement sur le march\u00e9 de la consommation, le d\u00e9bat n\u2019a pu parvenir \u00e0 acc\u00e9der au niveau escompt\u00e9 et r\u00e9pondre aux pr\u00e9occupations du citoyen. Une remarque qui n\u2019a pas \u00e9chapp\u00e9 \u00e0 tous les participants.<br \/>A. B.<\/p>\n<p>Auteur:<br \/>\n<a href=\"https:\/\/www.lesoirdalgerie.com\/actualites\/le-ministere-du-commerce-pointe-du-doigt-54784\">Cliquez ici pour lire l&rsquo;article depuis sa source.<\/a><\/p>\n","protected":false},"excerpt":{"rendered":"<p>\u00a9PPAgency Le forum Echa\u00e2b, qui s\u2019est tenu hier samedi, intervient dans une conjoncture particuli\u00e8re marqu\u00e9e par la hausse vertigineuse des prix des produits de large consommation. Un expert a commenc\u00e9 par faire un expos\u00e9 sur le ph\u00e9nom\u00e8ne \u00e9conomique qui s\u00e9vit sur le march\u00e9 alg\u00e9rien, puis le repr\u00e9sentant des producteurs a qualifi\u00e9 la situation qui s\u00e9vit [&hellip;]<\/p>\n","protected":false},"author":1741,"featured_media":0,"comment_status":"closed","ping_status":"closed","sticky":false,"template":"","format":"standard","meta":{"fifu_image_url":"","fifu_image_alt":"","footnotes":""},"categories":[73,53],"tags":[],"class_list":["post-109461","post","type-post","status-publish","format-standard","hentry","category-actualite","category-algerie"],"_links":{"self":[{"href":"https:\/\/linitiative.ca\/International\/wp-json\/wp\/v2\/posts\/109461","targetHints":{"allow":["GET"]}}],"collection":[{"href":"https:\/\/linitiative.ca\/International\/wp-json\/wp\/v2\/posts"}],"about":[{"href":"https:\/\/linitiative.ca\/International\/wp-json\/wp\/v2\/types\/post"}],"author":[{"embeddable":true,"href":"https:\/\/linitiative.ca\/International\/wp-json\/wp\/v2\/users\/1741"}],"replies":[{"embeddable":true,"href":"https:\/\/linitiative.ca\/International\/wp-json\/wp\/v2\/comments?post=109461"}],"version-history":[{"count":0,"href":"https:\/\/linitiative.ca\/International\/wp-json\/wp\/v2\/posts\/109461\/revisions"}],"wp:attachment":[{"href":"https:\/\/linitiative.ca\/International\/wp-json\/wp\/v2\/media?parent=109461"}],"wp:term":[{"taxonomy":"category","embeddable":true,"href":"https:\/\/linitiative.ca\/International\/wp-json\/wp\/v2\/categories?post=109461"},{"taxonomy":"post_tag","embeddable":true,"href":"https:\/\/linitiative.ca\/International\/wp-json\/wp\/v2\/tags?post=109461"}],"curies":[{"name":"wp","href":"https:\/\/api.w.org\/{rel}","templated":true}]}}