{"id":109463,"date":"2021-01-17T06:29:58","date_gmt":"2021-01-17T11:29:58","guid":{"rendered":"https:\/\/linitiative.ca\/International\/marc-thepot-une-nouvelle-vie\/"},"modified":"2021-01-17T06:29:58","modified_gmt":"2021-01-17T11:29:58","slug":"marc-thepot-une-nouvelle-vie","status":"publish","type":"post","link":"https:\/\/linitiative.ca\/International\/marc-thepot-une-nouvelle-vie\/","title":{"rendered":"Marc Th\u00e9pot, une nouvelle vie"},"content":{"rendered":"<p><strong>L\u2019ancien patron d\u2019Accor Maroc aura marqu\u00e9 durant une douzaine d\u2019ann\u00e9es l<\/strong><strong>\u2019<\/strong><strong>industrie de l<\/strong><strong>\u2019<\/strong><strong>h<\/strong><strong>\u00f4<\/strong><strong>tellerie et du Tourisme marocain. Elu le 15 janvier 2021 Pr\u00e9sident de l\u2019Office de Tourisme et des Congr\u00e8s de Marseille pour une dur\u00e9e de 6 ans, Marc Th\u00e9pot ouvre une nouvelle page dans sa carri\u00e8re professionnelle.<\/strong><\/p>\n<div class=\"c10\"\/>\n<p>Arriv\u00e9 au Maroc fin 2001 pour Accor et RISMA, Marc Th\u00e9pot aura durant 12 ans marqu\u00e9 l\u02bcindustrie de l\u2019h\u00f4tellerie et du Tourisme marocain et particip\u00e9 \u00e0 son d\u00e9veloppement. Depuis, il avait rejoint Burj Finance en tant que Senior Advisor pour accompagner le d\u00e9veloppement de cette banque d\u2019affaires ind\u00e9pendante. Aujourd\u2019hui, l\u2019ancien patron d\u2019Accor Maroc, ouvre une nouvelle page dans sa carri\u00e8re professionnelle. Il vient d\u2019\u00eatre \u00e9lu Pr\u00e9sident de l\u2019Office de Tourisme et des Congr\u00e8s de Marseille (France) pour une dur\u00e9e de 6 ans par les 22 membres du comit\u00e9 directeur (par 14 voix contre 7 et une abstention). Il faut dire que Marc Th\u00e9pot est en terrain connu \u00e0 Marseille pour y avoir fait ses \u00e9tudes \u00e0 Sup de Co-ESCAEM \u2013 avant d\u2019y intervenir comme enseignant en Finances pendant quelques ann\u00e9es.\u00a0 Il a ensuite particip\u00e9 \u00e0 la grande aventure de l\u2019informatique du groupe GSI ADP avant d\u2019int\u00e9grer le CIL-UNICIL et de c\u00f4toyer, d\u00e8s lors, les institutions politiques, patronales et associatives de Marseille. Il a dirig\u00e9 dans les ann\u00e9es 1990 le Groupe Accor dans la r\u00e9gion Sud (ex- Provence-Alpes-C\u00f4te d\u2019Azur).\u00a0 Il a pris les r\u00eanes du P\u00f4le Economique pour la r\u00e9gion sud-est en 2014, puis de Sofitel, Novotel et Mercure pour la r\u00e9gion Provence-Alpes-C\u00f4te d\u2019Azur. Il noue ainsi de nombreux contacts professionnels dans cette r\u00e9gion, qui certainement ont pes\u00e9 lors de son \u00e9lection.<\/p>\n<p><strong>Lire aussi|<a href=\"https:\/\/www.challenge.ma\/covid-19-1-million-de-doses-du-vaccin-chinois-sinopharm-sont-arrivees-en-serbie-172225\/\">Covid-19 : 1 million de doses du vaccin chinois Sinopharm sont arriv\u00e9es en Serbie<\/a><\/strong><\/p>\n<p>Il n\u2019emp\u00eache qu\u2019en 2001, il d\u00e9barque au Maroc pour concr\u00e9tiser les ambitions du premier groupe h\u00f4telier fran\u00e7ais. Durant 12 ans Th\u00e9ot, avec ses \u00e9quipes et le soutien appuy\u00e9 des actionnaires et partenaires du Groupe et en particulier celui de G\u00e9rard P\u00e9lisson, Co-fondateur d\u02bcAccor et Pr\u00e9sident d\u2019honneur de RISMA dont il est l\u2019un des plus proches, il aura op\u00e9r\u00e9 un remarquable d\u00e9veloppement. Avec 21 h\u00f4tels ouverts sur cette p\u00e9riode, repr\u00e9sentant 3450 chambres et ayant cr\u00e9\u00e9, \u00e0 cette occasion, plus de 2 600 emplois directs. Il a, en outre, particip\u00e9 directement en mai 2006 \u00e0 l\u2019introduction en Bourse de RISMA. Th\u00e9pot \u00e9tait membre du Directoire de Risma depuis le 30 janvier 2002.<\/p>\n<p>En janvier 2002, il est nomm\u00e9 Directeur G\u00e9n\u00e9ral des Op\u00e9rations Accor pour le Maroc. Il \u00e9tait Vice-pr\u00e9sident du Directoire de RISMA depuis mars 2012. Il \u00e9tait \u00e9galement Pr\u00e9sident de nombreuses filiales de RISMA, dont Moussafir et la joint-venture cr\u00e9\u00e9e avec Akwa pour d\u00e9velopper l\u2019h\u00f4tellerie tr\u00e8s \u00e9conomique. Marc Th\u00e9pot \u00e9tait \u00e9galement Secr\u00e9taire G\u00e9n\u00e9ral des Conseillers du Commerce Ext\u00e9rieur de la France.<\/p>\n<p><strong>Lire aussi|<a href=\"https:\/\/www.challenge.ma\/whatsapp-repousse-le-changement-de-ses-conditions-dutilisation-172197\/\">WhatsApp repousse le changement de ses conditions d\u2019utilisation<\/a><\/strong><\/p>\n<p>Auteur: Adama Sylla<br \/>\n<a href=\"https:\/\/www.challenge.ma\/marc-thepot-une-nouvelle-vie-172230\/\">Cliquez ici pour lire l&rsquo;article depuis sa source.<\/a><\/p>\n","protected":false},"excerpt":{"rendered":"<p>L\u2019ancien patron d\u2019Accor Maroc aura marqu\u00e9 durant une douzaine d\u2019ann\u00e9es l\u2019industrie de l\u2019h\u00f4tellerie et du Tourisme marocain. Elu le 15 janvier 2021 Pr\u00e9sident de l\u2019Office de Tourisme et des Congr\u00e8s de Marseille pour une dur\u00e9e de 6 ans, Marc Th\u00e9pot ouvre une nouvelle page dans sa carri\u00e8re professionnelle. Arriv\u00e9 au Maroc fin 2001 pour Accor [&hellip;]<\/p>\n","protected":false},"author":1787,"featured_media":0,"comment_status":"closed","ping_status":"closed","sticky":false,"template":"","format":"standard","meta":{"fifu_image_url":"","fifu_image_alt":"","footnotes":""},"categories":[78,54],"tags":[],"class_list":["post-109463","post","type-post","status-publish","format-standard","hentry","category-economie","category-maroc"],"_links":{"self":[{"href":"https:\/\/linitiative.ca\/International\/wp-json\/wp\/v2\/posts\/109463","targetHints":{"allow":["GET"]}}],"collection":[{"href":"https:\/\/linitiative.ca\/International\/wp-json\/wp\/v2\/posts"}],"about":[{"href":"https:\/\/linitiative.ca\/International\/wp-json\/wp\/v2\/types\/post"}],"author":[{"embeddable":true,"href":"https:\/\/linitiative.ca\/International\/wp-json\/wp\/v2\/users\/1787"}],"replies":[{"embeddable":true,"href":"https:\/\/linitiative.ca\/International\/wp-json\/wp\/v2\/comments?post=109463"}],"version-history":[{"count":0,"href":"https:\/\/linitiative.ca\/International\/wp-json\/wp\/v2\/posts\/109463\/revisions"}],"wp:attachment":[{"href":"https:\/\/linitiative.ca\/International\/wp-json\/wp\/v2\/media?parent=109463"}],"wp:term":[{"taxonomy":"category","embeddable":true,"href":"https:\/\/linitiative.ca\/International\/wp-json\/wp\/v2\/categories?post=109463"},{"taxonomy":"post_tag","embeddable":true,"href":"https:\/\/linitiative.ca\/International\/wp-json\/wp\/v2\/tags?post=109463"}],"curies":[{"name":"wp","href":"https:\/\/api.w.org\/{rel}","templated":true}]}}