{"id":109465,"date":"2021-01-17T08:03:43","date_gmt":"2021-01-17T13:03:43","guid":{"rendered":"https:\/\/linitiative.ca\/International\/fusion-psa-et-fca-officiellement-unis\/"},"modified":"2021-01-17T08:03:43","modified_gmt":"2021-01-17T13:03:43","slug":"fusion-psa-et-fca-officiellement-unis","status":"publish","type":"post","link":"https:\/\/linitiative.ca\/International\/fusion-psa-et-fca-officiellement-unis\/","title":{"rendered":"Fusion : PSA et FCA officiellement unis"},"content":{"rendered":"<p><strong>N\u00e9 de la fusion entre les groupes Peugeot-Citro\u00ebn (PSA) et Fiat-Chrysler (FCA), Stellantis a vu officiellement le jour le samedi 16 janvier courant. Les deux grands groupes automobiles peuvent d\u00e9sormais convoler en justes noces. \u00a0<\/strong><\/p>\n<div class=\"c10\"\/>\n<p>Une fusion qui donnera lieu d\u00e8s ce lundi 18 janvier aux c\u00e9r\u00e9monies officielles d\u2019introduction en Bourse du nouveau g\u00e9ant automobile. En effet, John Elkann, Pr\u00e9sident de Stellantis, et Carlos Tavares, CEO de Stellantis, vont sonner successivement les cloches d\u2019ouverture de la Bourse de Paris, mais \u00e9galement celle de Milan. Le lendemain, direction les \u00c9tats-Unis et la Bourse de New York.<\/p>\n<p><img decoding=\"async\" loading=\"lazy\" width=\"512\" height=\"341\" src=\"https:\/\/www.challenge.ma\/wp-content\/uploads\/2021\/01\/Stellantis-texte.jpg\" alt=\"\" class=\"wp-image-172244\" srcset=\"https:\/\/www.challenge.ma\/wp-content\/uploads\/2021\/01\/Stellantis-texte.jpg 512w, https:\/\/www.challenge.ma\/wp-content\/uploads\/2021\/01\/Stellantis-texte-300x200.jpg 300w, https:\/\/www.challenge.ma\/wp-content\/uploads\/2021\/01\/Stellantis-texte-360x240.jpg 360w\" sizes=\"auto, (max-width: 512px) 100vw, 512px\"\/><\/p>\n<p>\u00a0Rappelons que ce projet de fusion des deux grands groupes automobiles avait re\u00e7u le 21 d\u00e9cembre dernier le feu vert, sous certaines conditions, de la Commission europ\u00e9enne, en vertu du r\u00e8glement de l\u2019Union europ\u00e9enne sur les concentrations. Une fusion qui devrait, en principe, donner naissance au quatri\u00e8me groupe automobile au monde en termes de v\u00e9hicules vendus, et troisi\u00e8me groupes en termes de chiffre d\u2019affaires derri\u00e8re le Japonais Toyota et l\u2019Allemand Volkswagen.<\/p>\n<p><strong>Lire aussi |<\/strong> <strong><a href=\"https:\/\/www.challenge.ma\/telemedecine-au-maroc-nouvelles-conditions-de-pratique-172192\/\">T\u00e9l\u00e9m\u00e9decine au Maroc : nouvelles conditions de pratique<\/a><\/strong><\/p>\n<p>Faut-il pr\u00e9ciser que la nouvelle entit\u00e9 compte au total plus de 400 000 salari\u00e9s et abrite 14 marques embl\u00e9matiques et tr\u00e8s diff\u00e9rentes dont Alfa Romeo, Chrysler, Citro\u00ebn, Dodge, Fiat, Jeep, Maserati, Opel, Peugeot\u2026<\/p>\n<p>Une fusion qui est per\u00e7ue d\u2019un bon \u0153il par les sp\u00e9cialistes du secteur automobiles dans la mesure o\u00f9 les deux groupes devraient am\u00e9liorer leur couverture mondiale. Ils pourront \u00e9galement collaborer au niveau technologique et puiser dans leurs banques d\u2019organes respectives et devraient r\u00e9aliser des \u00e9conomies gr\u00e2ce aux synergies et \u00e0 l\u2019exp\u00e9rience de PSA, qui du reste, a su notamment g\u00e9rer ses co\u00fbts et sortir tr\u00e8s rapidement la t\u00eate de l\u2019eau.<\/p>\n<p><strong>Lire aussi<\/strong> | <strong><a href=\"https:\/\/www.challenge.ma\/marc-thepot-une-nouvelle-vie-172230\/\">Marc Th\u00e9pot, une nouvelle vie<\/a><\/strong><\/p>\n<p>\u00c0 noter que PSA et Fiat-Chrysler ont estim\u00e9 que les synergies permettraient d\u2019\u00e9conomiser \u00e0 terme jusqu\u2019\u00e0 5 milliards d\u2019euros par an, notamment dans les co\u00fbts de fabrication comme dans la recherche et le d\u00e9veloppement.<\/p>\n<p>Auteur: David J\u00e9r\u00e9mie<br \/>\n<a href=\"https:\/\/www.challenge.ma\/fusion-psa-et-fca-officiellement-unis-172242\/\">Cliquez ici pour lire l&rsquo;article depuis sa source.<\/a><\/p>\n","protected":false},"excerpt":{"rendered":"<p>N\u00e9 de la fusion entre les groupes Peugeot-Citro\u00ebn (PSA) et Fiat-Chrysler (FCA), Stellantis a vu officiellement le jour le samedi 16 janvier courant. Les deux grands groupes automobiles peuvent d\u00e9sormais convoler en justes noces. \u00a0 Une fusion qui donnera lieu d\u00e8s ce lundi 18 janvier aux c\u00e9r\u00e9monies officielles d\u2019introduction en Bourse du nouveau g\u00e9ant automobile. [&hellip;]<\/p>\n","protected":false},"author":1787,"featured_media":0,"comment_status":"closed","ping_status":"closed","sticky":false,"template":"","format":"standard","meta":{"fifu_image_url":"https:\/\/www.challenge.ma\/wp-content\/uploads\/2021\/01\/Stellantis-texte.jpg","fifu_image_alt":"Fusion : PSA et FCA officiellement unis","footnotes":""},"categories":[78,54],"tags":[],"class_list":["post-109465","post","type-post","status-publish","format-standard","hentry","category-economie","category-maroc"],"_links":{"self":[{"href":"https:\/\/linitiative.ca\/International\/wp-json\/wp\/v2\/posts\/109465","targetHints":{"allow":["GET"]}}],"collection":[{"href":"https:\/\/linitiative.ca\/International\/wp-json\/wp\/v2\/posts"}],"about":[{"href":"https:\/\/linitiative.ca\/International\/wp-json\/wp\/v2\/types\/post"}],"author":[{"embeddable":true,"href":"https:\/\/linitiative.ca\/International\/wp-json\/wp\/v2\/users\/1787"}],"replies":[{"embeddable":true,"href":"https:\/\/linitiative.ca\/International\/wp-json\/wp\/v2\/comments?post=109465"}],"version-history":[{"count":0,"href":"https:\/\/linitiative.ca\/International\/wp-json\/wp\/v2\/posts\/109465\/revisions"}],"wp:attachment":[{"href":"https:\/\/linitiative.ca\/International\/wp-json\/wp\/v2\/media?parent=109465"}],"wp:term":[{"taxonomy":"category","embeddable":true,"href":"https:\/\/linitiative.ca\/International\/wp-json\/wp\/v2\/categories?post=109465"},{"taxonomy":"post_tag","embeddable":true,"href":"https:\/\/linitiative.ca\/International\/wp-json\/wp\/v2\/tags?post=109465"}],"curies":[{"name":"wp","href":"https:\/\/api.w.org\/{rel}","templated":true}]}}