{"id":109472,"date":"2021-01-17T14:06:36","date_gmt":"2021-01-17T19:06:36","guid":{"rendered":"https:\/\/linitiative.ca\/International\/chan-2021-sur-fond-de-covid-le-cameroun-na-pas-droit-a-lerreur\/"},"modified":"2021-01-17T14:06:36","modified_gmt":"2021-01-17T19:06:36","slug":"chan-2021-sur-fond-de-covid-le-cameroun-na-pas-droit-a-lerreur","status":"publish","type":"post","link":"https:\/\/linitiative.ca\/International\/chan-2021-sur-fond-de-covid-le-cameroun-na-pas-droit-a-lerreur\/","title":{"rendered":"CHAN 2021 SUR FOND DE COVID: Le Cameroun n\u2019a pas droit \u00e0 l\u2019erreur"},"content":{"rendered":"<p class=\"c4\">Le coup d\u2019envoi de la sixi\u00e8me \u00e9dition du Championnat d\u2019Afrique des nations de football (CHAN) qui met en comp\u00e9tition les 16 meilleures \u00e9quipes africaines locales, a \u00e9t\u00e9 donn\u00e9 le 16 janvier \u00a0dernier au Stade Ahmadou Ahidjo de Yaound\u00e9, au Cameroun. La premi\u00e8re journ\u00e9e du tournoi a vu le Burkina Faso et le Zimbabwe se prendre les pieds dans le tapis, en perdant respectivement face au Mali et au Cameroun \u00e0 l\u2019issue de matches qui se sont sold\u00e9s par un score de z\u00e9ro but contre un. \u00a0Entr\u00e9e en mati\u00e8re r\u00e9ussie donc pour le pays organisateur pour lequel cette comp\u00e9tition d\u2019envergure modeste n\u2019est ni plus ni moins qu\u2019un test grandeur nature de sa capacit\u00e9 \u00a0organisationnelle, avant la phase finale de la \u00a0Coupe d\u2019Afrique des nations qui s\u2019y d\u00e9roulera en d\u00e9but 2022. R\u00e9ussir ce tour de chauffe est un d\u00e9fi de taille pour ce pays, surtout dans le contexte actuel o\u00f9 les chiffres de la contamination au coronavirus explosent, et o\u00f9 la guerre fait rage aux extr\u00e9mit\u00e9s Nord et Sud contre les islamistes de Boko Haram et les ind\u00e9pendantistes des r\u00e9gions anglophones.<\/p>\n<p class=\"c4\">On pensait que la recrudescence partout dans le monde de la Covid-19, allait proscrire la pr\u00e9sence du public dans les stades et \u00f4ter du coup toute sa saveur \u00e0 cette comp\u00e9tition, mais on a \u00e9t\u00e9 heureux de constater samedi dernier que gr\u00e2ce \u00e0 la r\u00e8gle de la jauge, dix mille supporters ont \u00e9t\u00e9 autoris\u00e9s \u00e0 assister au match d\u2019ouverture, dans un vaisseau qui peut en contenir quatre fois plus. Afin de limiter les risques de propagation du virus, le port du masque a \u00e9t\u00e9 exig\u00e9 \u00e0 ceux qui auront la chance d\u2019acc\u00e9der aux diff\u00e9rents stades, et la distance minimale requise entre les supporters doit \u00eatre imp\u00e9rativement respect\u00e9e. Une v\u00e9ritable gageure dans un pays o\u00f9 l\u2019on croit de moins en moins en l\u2019existence m\u00eame du virus, et o\u00f9 l\u2019on note l\u2019abandon de plus en plus des mesures-barri\u00e8res \u00e9dict\u00e9es par le gouvernement.<\/p>\n<p class=\"c4\"><strong>Le Cameroun devra prouver qu\u2019il a cette fois-ci mis les petits plats dans les grands<\/strong><\/p>\n<p class=\"c4\">Qu\u2019\u00e0 cela ne tienne, la fermet\u00e9 doit \u00eatre de rigueur \u00e0 l\u2019encontre de tous les contrevenants, comme ceux qu\u2019on a pu voir pendant le match d\u2019ouverture, rangeant ostensiblement leurs bavettes de protection ou se serrant les mains au motif fallacieux qu\u2019aucune distanciation sociale comme m\u00e9thode de pr\u00e9vention, ne peut prosp\u00e9rer en Afrique. On esp\u00e8re que pour le reste de la comp\u00e9tition, les spectateurs tri\u00e9s sur le volet auront plus de sagesse en respectant scrupuleusement les consignes, pour ne pas donner plus de soucis aux organisateurs qui s\u2019arrachent d\u00e9j\u00e0 les cheveux non seulement \u00e0 cause du risque de transformer le Cameroun en un vaste foyer \u00e0 ciel ouvert de contamination de la maladie virale, mais aussi de la possible d\u00e9gradation de la situation s\u00e9curitaire dans le Sud-Ouest en proie \u00e0 une insurrection s\u00e9paratiste. L\u2019inqui\u00e9tude est d\u2019autant plus grande que les rebelles anglophones ont menac\u00e9 de perturber la comp\u00e9tition, \u00a0notamment \u00e0 Limb\u00e9 o\u00f9 des matches ont \u00e9t\u00e9 pr\u00e9vus, et \u00e0 Bu\u00e9a o\u00f9 certaines \u00e9quipes ont d\u00e9pos\u00e9 leurs p\u00e9nates. Si on ajoute \u00e0 tout cela, l\u2019\u00e9norme pression sur les <em>Lions<\/em> <em>indomptables<\/em> qui, autant qu\u2019on se souvienne, n\u2019ont jamais gagn\u00e9 une comp\u00e9tition sportive majeure \u00e0 domicile, on peut dire que le Cameroun joue gros et n\u2019a surtout pas droit \u00e0 l\u2019erreur, d\u2019autant qu\u2019il a b\u00e9n\u00e9fici\u00e9, pour ainsi dire, d\u2019une ann\u00e9e suppl\u00e9mentaire pour parfaire l\u2019organisation de ce tournoi, initialement pr\u00e9vu pour avril 2020\u00a0 et report\u00e9 du fait de la pand\u00e9mie.<\/p>\n<p class=\"c4\">En outre, nous sommes \u00e0 seulement un an de la 33e \u00e9dition de la Coupe d\u2019Afrique des nations dont l\u2019organisation \u00e9choit au Cameroun, apr\u00e8s avoir \u00e9t\u00e9 priv\u00e9 de celle de la 32<sup>e<\/sup> \u00e9dition pour infrastructures sportives et h\u00f4teli\u00e8res insuffisantes ou non ad\u00e9quates. Le Cameroun devra, \u00e0 travers ce championnat africain des nations, prouver \u00e0 la CAF et \u00e0 la FIFA dont le pr\u00e9sident Gianni Infantino \u00e9tait pr\u00e9sent dans les gradins du stade de Yaound\u00e9 lors du match d\u2019ouverture, qu\u2019il a cette fois-ci mis les petits plats dans les grands pour r\u00e9ussir le plus grand rendez-vous sportif du continent, en janvier 2022. Et ce serait de bon augure s\u2019il commen\u00e7ait la d\u00e9monstration sur le plan sportif, en poussant les <em>Lions indomptables<\/em> jusqu\u2019au sommet de la pyramide. C\u2019est, en tout cas, le r\u00eave de tous les Camerounais. Mais pour y arriver, il va falloir mouiller le maillot au propre comme au figur\u00e9 non seulement face au Maroc qui est d\u00e9tenteur du titre, mais aussi \u00e0 d\u2019autres s\u00e9lections qui ne sont pas all\u00e9es en vill\u00e9giature en Afrique centrale mais plut\u00f4t pour d\u00e9fendre cr\u00e2nement leurs chances de remporter le troph\u00e9e. Au regard du niveau \u00e9lev\u00e9 des matches d\u00e9j\u00e0 jou\u00e9s, on peut dire qu\u2019on est parti pour une comp\u00e9tition palpitante \u00e0 l\u2019issue incertaine, avec une tr\u00e8s bonne p\u00e9pini\u00e8re dans chacune des \u00e9quipes en comp\u00e9tition pour assurer la rel\u00e8ve de ceux qui sont finissants dans les s\u00e9lections nationales.<\/p>\n<p class=\"c4\"><strong>\u00a0<\/strong><\/p>\n<p class=\"c4\"><strong>Hamadou GADIAGA<\/strong><\/p>\n<p class=\"c4\"><strong>\u00a0<\/strong><\/p>\n<p>Auteur: Le Pays<br \/>\n<a href=\"https:\/\/lepays.bf\/chan-2021-sur-fond-de-covid-le-cameroun-na-pas-droit-a-lerreur\/\">Cliquez ici pour lire l&rsquo;article depuis sa source.<\/a><\/p>\n","protected":false},"excerpt":{"rendered":"<p>Le coup d\u2019envoi de la sixi\u00e8me \u00e9dition du Championnat d\u2019Afrique des nations de football (CHAN) qui met en comp\u00e9tition les 16 meilleures \u00e9quipes africaines locales, a \u00e9t\u00e9 donn\u00e9 le 16 janvier \u00a0dernier au Stade Ahmadou Ahidjo de Yaound\u00e9, au Cameroun. La premi\u00e8re journ\u00e9e du tournoi a vu le Burkina Faso et le Zimbabwe se prendre [&hellip;]<\/p>\n","protected":false},"author":1813,"featured_media":0,"comment_status":"closed","ping_status":"closed","sticky":false,"template":"","format":"standard","meta":{"fifu_image_url":"","fifu_image_alt":"","footnotes":""},"categories":[73,81],"tags":[],"class_list":["post-109472","post","type-post","status-publish","format-standard","hentry","category-actualite","category-burkina-faso"],"_links":{"self":[{"href":"https:\/\/linitiative.ca\/International\/wp-json\/wp\/v2\/posts\/109472","targetHints":{"allow":["GET"]}}],"collection":[{"href":"https:\/\/linitiative.ca\/International\/wp-json\/wp\/v2\/posts"}],"about":[{"href":"https:\/\/linitiative.ca\/International\/wp-json\/wp\/v2\/types\/post"}],"author":[{"embeddable":true,"href":"https:\/\/linitiative.ca\/International\/wp-json\/wp\/v2\/users\/1813"}],"replies":[{"embeddable":true,"href":"https:\/\/linitiative.ca\/International\/wp-json\/wp\/v2\/comments?post=109472"}],"version-history":[{"count":0,"href":"https:\/\/linitiative.ca\/International\/wp-json\/wp\/v2\/posts\/109472\/revisions"}],"wp:attachment":[{"href":"https:\/\/linitiative.ca\/International\/wp-json\/wp\/v2\/media?parent=109472"}],"wp:term":[{"taxonomy":"category","embeddable":true,"href":"https:\/\/linitiative.ca\/International\/wp-json\/wp\/v2\/categories?post=109472"},{"taxonomy":"post_tag","embeddable":true,"href":"https:\/\/linitiative.ca\/International\/wp-json\/wp\/v2\/tags?post=109472"}],"curies":[{"name":"wp","href":"https:\/\/api.w.org\/{rel}","templated":true}]}}