{"id":109476,"date":"2021-01-17T16:46:01","date_gmt":"2021-01-17T21:46:01","guid":{"rendered":"https:\/\/linitiative.ca\/International\/institut-des-jeunes-sourds-du-faso-des-kits-dinstallation-pour-des-couturiers-et-coiffeuses\/"},"modified":"2021-01-17T16:46:01","modified_gmt":"2021-01-17T21:46:01","slug":"institut-des-jeunes-sourds-du-faso-des-kits-dinstallation-pour-des-couturiers-et-coiffeuses","status":"publish","type":"post","link":"https:\/\/linitiative.ca\/International\/institut-des-jeunes-sourds-du-faso-des-kits-dinstallation-pour-des-couturiers-et-coiffeuses\/","title":{"rendered":"Institut des jeunes sourds du Faso : Des kits d\u2019installation pour des couturiers et coiffeuses"},"content":{"rendered":"<div class=\"td-post-featured-image\" readability=\"33\"><a href=\"https:\/\/www.sidwaya.info\/wp-content\/uploads\/2021\/01\/sourd.jpg\" data-caption=\"Les donateurs ont invit&#xE9; les b&#xE9;n&#xE9;ficiaires &#xE0; faire bon usage du mat&#xE9;riel offert par l&#x2019;ONG Light for the world.\"><img loading=\"lazy\" decoding=\"async\" width=\"696\" height=\"353\" class=\"entry-thumb td-modal-image\" src=\"https:\/\/www.sidwaya.info\/wp-content\/uploads\/2021\/01\/sourd-696x353.jpg\" srcset=\"https:\/\/www.sidwaya.info\/wp-content\/uploads\/2021\/01\/sourd-696x353.jpg 696w, https:\/\/www.sidwaya.info\/wp-content\/uploads\/2021\/01\/sourd-300x152.jpg 300w, https:\/\/www.sidwaya.info\/wp-content\/uploads\/2021\/01\/sourd-768x389.jpg 768w, https:\/\/www.sidwaya.info\/wp-content\/uploads\/2021\/01\/sourd-150x76.jpg 150w, https:\/\/www.sidwaya.info\/wp-content\/uploads\/2021\/01\/sourd.jpg 787w\" sizes=\"auto, (max-width: 696px) 100vw, 696px\" alt=\"\" title=\"sourd\"\/><\/a>Les donateurs ont invit\u00e9 les b\u00e9n\u00e9ficiaires \u00e0 faire bon usage du mat\u00e9riel offert par l\u2019ONG Light for the world.<\/div>\n<p><strong>L\u2019Institut des jeunes sourds du Faso (IJSF) a remis, le 15 janvier 2021 \u00e0 Bobo-Dioulasso, des kits d\u2019installation aux jeunes handicap\u00e9s en fin de formation en coiffure et en couture. C\u2019est l\u2019ONG \u00ab Light for the world \u00bb qui a financ\u00e9 la formation et le mat\u00e9riel \u00e0 hauteur de 15 millions FCFA.<\/strong><\/p>\n<p>L\u2019Institut des jeunes sourds du Faso (IJSF) \u00e0 Bobo-Dioulasso s\u2019investit dans la prise en charge scolaire et professionnelle des jeunes pr\u00e9sentant une d\u00e9ficience auditive. Elle s\u2019occupe de 205 pensionnaires et prend en charge 25 enfants plac\u00e9s dans des ateliers et centres de formation avec l\u2019appui technique et financier de certains partenaires comme Mme Schaefer Esther de l\u2019Alliance chr\u00e9tienne et l\u2019ONG Light for the world.<\/p>\n<p>Cinq de ces \u00e9l\u00e8ves form\u00e9s \u00e0 la couture et \u00e0 la coiffure ont re\u00e7u, le 15 janvier 2021, des kits d\u2019installation offerts par l\u2019organisation. A l\u2019occasion, le directeur de l\u2019IJSF, Salam Ou\u00e9draogo, a remerci\u00e9 l\u2019ONG qui, depuis plusieurs ann\u00e9es, \u0153uvre aux c\u00f4t\u00e9s de son institut afin de lui permettre, selon lui, d\u2019atteindre les objectifs qui lui sont assign\u00e9s. Il s\u2019agit, \u00e0 l\u2019entendre, de l\u2019apprentissage professionnel de certains enfants en fin de cycle, de la scolarisation et l\u2019enseignement des enfants en situation de handicap, de l\u2019octroi des kits apr\u00e8s chaque fin de formation professionnelle et des appuis financiers pour les formations des professeurs et encadreurs.<\/p>\n<p>\u00ab La remise du mat\u00e9riel t\u00e9moigne de l\u2019attachement de l\u2019ONG \u00e0 l\u2019am\u00e9lioration de la qualit\u00e9 et des conditions de vie scolaire et professionnelle des enfants en situation de handicap. Cet apport qualitatif de Light for the world permettra, \u00e0 n\u2019en pas douter, une insertion socio professionnelle des b\u00e9n\u00e9ficiaires \u00bb, a dit M. Ou\u00e9draogo.<\/p>\n<h3>Soutenir les enfants handicap\u00e9s<\/h3>\n<p>Les parents d\u2019\u00e9l\u00e8ves de l\u2019institut et les b\u00e9n\u00e9ficiaires ont aussi traduit leur reconnaissance \u00e0 l\u2019ONG.<\/p>\n<p><img decoding=\"async\" loading=\"lazy\" class=\"size-medium wp-image-31561\" src=\"https:\/\/www.sidwaya.info\/wp-content\/uploads\/2021\/01\/sourd2-300x275.jpg\" alt=\"\" width=\"300\" height=\"275\" srcset=\"https:\/\/www.sidwaya.info\/wp-content\/uploads\/2021\/01\/sourd2-300x275.jpg 300w, https:\/\/www.sidwaya.info\/wp-content\/uploads\/2021\/01\/sourd2-768x703.jpg 768w, https:\/\/www.sidwaya.info\/wp-content\/uploads\/2021\/01\/sourd2-150x137.jpg 150w, https:\/\/www.sidwaya.info\/wp-content\/uploads\/2021\/01\/sourd2-696x637.jpg 696w, https:\/\/www.sidwaya.info\/wp-content\/uploads\/2021\/01\/sourd2-459x420.jpg 459w, https:\/\/www.sidwaya.info\/wp-content\/uploads\/2021\/01\/sourd2.jpg 780w\" sizes=\"auto, (max-width: 300px) 100vw, 300px\"\/>Le directeur de l\u2019IJSF, Salam Ou\u00e9draogo a remerci\u00e9 l\u2019ONG<br \/>pour son appui \u00e0 la formation et \u00e0 l\u2019installation des pensionn\u00e9s de l\u2019Institut.<\/p>\n<p>\u00ab Nous remercions Light for the world pour la formation et le mat\u00e9riel qu\u2019elle nous a offert. Nous sommes pr\u00eats \u00e0 conqu\u00e9rir le march\u00e9 de l\u2019emploi et \u00e0 travailler avec nos mains afin de montrer de quoi nous sommes capables \u00bb, a rassur\u00e9 en langage de signe, l\u2019un des b\u00e9n\u00e9ficiaires, Boureima Traor\u00e9. Pour le directeur national de Light for the world, Elie Bagbila, la remise du kit rev\u00eat un caract\u00e8re sp\u00e9cifique et symbolique pour la structure. Il s\u2019agit, dit-il, de mat\u00e9rialiser ce que l\u2019institut pr\u00eache comme vision depuis plus de trois d\u00e9cennies, \u00e0 savoir \u0153uvrer \u00e0 l\u2019av\u00e8nement d\u2019une soci\u00e9t\u00e9 inclusive o\u00f9 personne n\u2019est laiss\u00e9 de c\u00f4t\u00e9.<\/p>\n<p>\u00ab La cl\u00e9 de l\u2019inclusion sociale, c\u2019est la participation pleine et enti\u00e8re de toute personne \u00bb, mart\u00e8le M. Bagbila. A l\u2019entendre, la participation pleine et enti\u00e8re, pour le cas sp\u00e9cifique de la personne handicap\u00e9e, fait appel, entre autres, \u00e0 l\u2019acceptation de sa situation de handicap et le renforcement de la confiance en soi par la personne handicap\u00e9e elle-m\u00eame, l\u2019acceptation de la personne par sa famille et sa communaut\u00e9 de vie ou l\u2019exercice d\u2019une activit\u00e9 professionnelle ou g\u00e9n\u00e9ratrice de revenus. Il a prodigu\u00e9 des conseils aux parents en les invitant \u00e0 suivre ce dont les enfants sont capables de r\u00e9aliser et de soutenir leurs aspirations profondes \u00e0 la formation et \u00e0 l\u2019emploi.<\/p>\n<p>Il a aussi exhort\u00e9 les apprenants handicap\u00e9s \u00e0 d\u00e9velopper la confiance en soi afin de susciter la motivation et l\u2019accompagnement des parents. Il a appel\u00e9 les nouveaux couturiers et coiffeurs handicap\u00e9s \u00e0 \u00eatre des mod\u00e8les qui vont convaincre les plus r\u00e9ticents et les plus sceptiques. Elie Bagbila a aussi donn\u00e9 des conseils aux institutons de formation car pour lui l\u2019ONG est convaincue que \u00ab par la formation professionnelle et l\u2019emploi r\u00e9mun\u00e9r\u00e9, la personne handicap\u00e9e est \u00e0 m\u00eame de participer au m\u00eame titre que tout autre acteur au d\u00e9veloppement communautaire \u00bb. Le directeur de l\u2019ONG Light for the world a lou\u00e9 l\u2019IJSF qui fait de la fili\u00e8re professionnelle une fili\u00e8re de son programme d\u2019enseignement.<\/p>\n<p class=\"c1\"><strong>Adaman DRABO<\/strong><\/p>\n<div class=\"td-a-rec td-a-rec-id-content_bottom tdi_33_4a4 td_block_template_1\"><img loading=\"lazy\" decoding=\"async\" class=\"aligncenter size-full wp-image-27454\" src=\"https:\/\/www.sidwaya.info\/wp-content\/uploads\/2020\/10\/PUB-Bandeau-paiement-mobile-siteweb.jpg\" alt=\"\" width=\"728\" height=\"90\"\/><\/div>\n<p>Auteur: JK. Sidwaya<br \/>\n<a href=\"https:\/\/www.sidwaya.info\/blog\/2021\/01\/17\/institut-des-jeunes-sourds-du-faso-des-kits-dinstallation-pour-des-couturiers-et-coiffeuses\/\">Cliquez ici pour lire l&rsquo;article depuis sa source.<\/a><\/p>\n","protected":false},"excerpt":{"rendered":"<p>Les donateurs ont invit\u00e9 les b\u00e9n\u00e9ficiaires \u00e0 faire bon usage du mat\u00e9riel offert par l\u2019ONG Light for the world. L\u2019Institut des jeunes sourds du Faso (IJSF) a remis, le 15 janvier 2021 \u00e0 Bobo-Dioulasso, des kits d\u2019installation aux jeunes handicap\u00e9s en fin de formation en coiffure et en couture. C\u2019est l\u2019ONG \u00ab Light for the [&hellip;]<\/p>\n","protected":false},"author":1816,"featured_media":0,"comment_status":"closed","ping_status":"closed","sticky":false,"template":"","format":"standard","meta":{"fifu_image_url":"https:\/\/www.sidwaya.info\/wp-content\/uploads\/2021\/01\/sourd-696x353.jpg","fifu_image_alt":"Institut des jeunes sourds du Faso : Des kits d\u2019installation pour des couturiers et coiffeuses","footnotes":""},"categories":[73,81],"tags":[],"class_list":["post-109476","post","type-post","status-publish","format-standard","hentry","category-actualite","category-burkina-faso"],"_links":{"self":[{"href":"https:\/\/linitiative.ca\/International\/wp-json\/wp\/v2\/posts\/109476","targetHints":{"allow":["GET"]}}],"collection":[{"href":"https:\/\/linitiative.ca\/International\/wp-json\/wp\/v2\/posts"}],"about":[{"href":"https:\/\/linitiative.ca\/International\/wp-json\/wp\/v2\/types\/post"}],"author":[{"embeddable":true,"href":"https:\/\/linitiative.ca\/International\/wp-json\/wp\/v2\/users\/1816"}],"replies":[{"embeddable":true,"href":"https:\/\/linitiative.ca\/International\/wp-json\/wp\/v2\/comments?post=109476"}],"version-history":[{"count":0,"href":"https:\/\/linitiative.ca\/International\/wp-json\/wp\/v2\/posts\/109476\/revisions"}],"wp:attachment":[{"href":"https:\/\/linitiative.ca\/International\/wp-json\/wp\/v2\/media?parent=109476"}],"wp:term":[{"taxonomy":"category","embeddable":true,"href":"https:\/\/linitiative.ca\/International\/wp-json\/wp\/v2\/categories?post=109476"},{"taxonomy":"post_tag","embeddable":true,"href":"https:\/\/linitiative.ca\/International\/wp-json\/wp\/v2\/tags?post=109476"}],"curies":[{"name":"wp","href":"https:\/\/api.w.org\/{rel}","templated":true}]}}