{"id":109478,"date":"2021-01-17T16:54:50","date_gmt":"2021-01-17T21:54:50","guid":{"rendered":"https:\/\/linitiative.ca\/International\/ministere-de-la-culture-des-arts-et-du-tourisme-je-ne-viens-pas-en-donneur-de-lecon-le-ministre-elise-ilboudo-thiombiano\/"},"modified":"2021-01-17T16:54:50","modified_gmt":"2021-01-17T21:54:50","slug":"ministere-de-la-culture-des-arts-et-du-tourisme-je-ne-viens-pas-en-donneur-de-lecon-le-ministre-elise-ilboudo-thiombiano","status":"publish","type":"post","link":"https:\/\/linitiative.ca\/International\/ministere-de-la-culture-des-arts-et-du-tourisme-je-ne-viens-pas-en-donneur-de-lecon-le-ministre-elise-ilboudo-thiombiano\/","title":{"rendered":"Minist\u00e8re de la Culture, des Arts  et du Tourisme : \u00ab Je ne viens pas en donneur de le\u00e7on \u00bb, le ministre Elise Ilboudo\/Thiombiano"},"content":{"rendered":"<div class=\"td-post-featured-image\" readability=\"37\"><a href=\"https:\/\/www.sidwaya.info\/wp-content\/uploads\/2021\/01\/min.jpg\" data-caption=\"En recevant son proc&#xE8;s-verbal de prise de fonction des mains du Secr&#xE9;taire g&#xE9;n&#xE9;ral du gouvernement, St&#xE9;phane Sanou, la nouvelle ministre, Elise Ilboudo, a dit mesurer la lourdeur de la mission.\"><img loading=\"lazy\" decoding=\"async\" width=\"696\" height=\"464\" class=\"entry-thumb td-modal-image\" src=\"https:\/\/www.sidwaya.info\/wp-content\/uploads\/2021\/01\/min-696x464.jpg\" srcset=\"https:\/\/www.sidwaya.info\/wp-content\/uploads\/2021\/01\/min-696x464.jpg 696w, https:\/\/www.sidwaya.info\/wp-content\/uploads\/2021\/01\/min-300x200.jpg 300w, https:\/\/www.sidwaya.info\/wp-content\/uploads\/2021\/01\/min-768x512.jpg 768w, https:\/\/www.sidwaya.info\/wp-content\/uploads\/2021\/01\/min-150x100.jpg 150w, https:\/\/www.sidwaya.info\/wp-content\/uploads\/2021\/01\/min-630x420.jpg 630w, https:\/\/www.sidwaya.info\/wp-content\/uploads\/2021\/01\/min.jpg 787w\" sizes=\"auto, (max-width: 696px) 100vw, 696px\" alt=\"\" title=\"min\"\/><\/a>En recevant son proc\u00e8s-verbal de prise de fonction des mains du Secr\u00e9taire g\u00e9n\u00e9ral du gouvernement, St\u00e9phane Sanou, la nouvelle ministre, Elise Ilboudo, a dit mesurer la lourdeur de la mission.<\/div>\n<p><strong>Le nouveau ministre de la Culture, des Arts et du Tourisme (MCAT), Elyse Ilboudo \/Thiombiano a \u00e9t\u00e9 install\u00e9e dans ses fonctions, le vendredi 15 janvier 2021 \u00e0 Ouagadougou.<\/strong><\/p>\n<p>Une nouvelle page s\u2019ouvre au minist\u00e8re de la Culture, des Arts et du Tourisme (MCAT). Elise Ilboudo \/Thiombiano, nomm\u00e9e \u00e0 la t\u00eate du d\u00e9partement \u00e0 la faveur du d\u00e9cret du 10 janvier dernier portant constitution des membres du gouvernement, a \u00e9t\u00e9 install\u00e9e dans ses fonctions, le vendredi 15 janvier 2021, au Centre national des arts, des spectacles et de l\u2019audiovisuel (CENASA) \u00e0 Ouagadougou. Tout en rappelant les lignes de conduite donn\u00e9es par le pr\u00e9sident du Faso, le Secr\u00e9taire g\u00e9n\u00e9ral du gouvernement, St\u00e9phane Sanou a d\u00e9clar\u00e9 : \u00ab Madame Foniyama Elise Ilboudo\/Thiombiano, au nom des excellences, Monsieur le pr\u00e9sident du Faso Roch Marc Christian Kabor\u00e9 et Monsieur le Premier ministre Christophe Joseph Dabir\u00e9, je vous d\u00e9clare solennellement install\u00e9e dans vos fonctions de ministre de la Culture, des Arts et du Tourisme\u00bb.<\/p>\n<p>Apr\u00e8s avoir f\u00e9licit\u00e9 la ministre entrant, il a insist\u00e9 sur le sens de comp\u00e9tence \u00e0 travers le d\u00e9veloppement des initiatives pour d\u00e9velopper ce secteur de la culture. \u00ab Je ne viens pas en donneur de le\u00e7on encore moins, en femme la plus forte du monde. Je viens comme un compl\u00e9ment du maillon \u00e0 l\u2019image des doigts et des mains. C\u2019est par notre synergie et notre bonne collaboration que nous aurons des r\u00e9sultats extraordinaires \u00bb, a soulign\u00e9 Foniyama Elise Ilboudo\/Thiombiano. Pour elle, son r\u00f4le est d\u2019\u00eatre une force centrifuge des acteurs et des initiatives positives dans la valorisation du patrimoine mat\u00e9riel et immat\u00e9riel. Mme Ilboudo a indiqu\u00e9 que de nombreux chantiers sont en attente dans un contexte sanitaire et s\u00e9curitaire difficile. Dans ce sens, elle s\u2019est r\u00e9jouie de cette fonction qui rel\u00e8ve d\u2019une marque de confiance.<\/p>\n<p>Toutefois, Foniyama Elise Ilboudo\/Thiombiano a salu\u00e9 les efforts consentis par le ministre sortant Abdoul Karim Sango dans la valorisation des sites touristiques. Du moment o\u00f9, a-t-elle signifi\u00e9, la culture est la m\u00e9moire d\u2019un peuple, une conscience collective, voire historique est le lieu de penser et de vivre. Le ministre Abdoul Karim Sango, emp\u00each\u00e9 pour question de sant\u00e9, a, par la voix du Secr\u00e9taire g\u00e9n\u00e9ral du MCAT, Lacina Simpor\u00e9, renouvel\u00e9 sa reconnaissance au chef de l\u2019Etat pour sa nomination \u00e0 cette fonction. \u00ab Je ne voudrais pas porter de jugement sur mon action. Mais, je voudrais laisser au soin de mes contemporains de s\u2019en charger \u00bb, a-t-il lanc\u00e9 avant de dire que l\u2019histoire est un \u00e9l\u00e9ment central de la culture.<\/p>\n<p>C\u2019est pourquoi il a dit \u00eatre convaincu que le ministre nouvellement install\u00e9 conduira vers de meilleurs horizons, les missions du minist\u00e8re avec une attention particuli\u00e8re pour le secteur du tourisme. Son mandat de trois ann\u00e9es, a laiss\u00e9 entendre M. Sango, s\u2019est inscrit dans la dynamique de la pratique de l\u2019int\u00e9r\u00eat g\u00e9n\u00e9ral de la nation. Les personnes, a-t-il appuy\u00e9, qui servent l\u2019Etat doivent le servir avec passion et d\u00e9termination au point d\u2019\u00eatre souvent incomprises. \u00ab Ce fut souvent mon cas. Voil\u00e0 pourquoi du fond du c\u0153ur encore une fois je voudrais pr\u00e9senter mes excuses \u00e0 toutes les personnes qui ont eu le sentiment d\u2019avoir \u00e9t\u00e9 bless\u00e9es \u00bb, s\u2019est-il exprim\u00e9. M. Sango a magnifi\u00e9 ses collaborateurs, les acteurs culturels et du tourisme pour la franche collaboration et la capacit\u00e9 de r\u00e9silience qui force l\u2019admiration malgr\u00e9 la situation s\u00e9curitaire et sanitaire.<\/p>\n<p class=\"c1\"><strong>Achille ZIGANI<\/strong><br \/>(Collaborateur)<\/p>\n<div class=\"td-a-rec td-a-rec-id-content_bottom tdi_33_dd0 td_block_template_1\"><img loading=\"lazy\" decoding=\"async\" class=\"aligncenter size-full wp-image-27454\" src=\"https:\/\/www.sidwaya.info\/wp-content\/uploads\/2020\/10\/PUB-Bandeau-paiement-mobile-siteweb.jpg\" alt=\"\" width=\"728\" height=\"90\"\/><\/div>\n<p>Auteur: JK. Sidwaya<br \/>\n<a href=\"https:\/\/www.sidwaya.info\/blog\/2021\/01\/17\/ministere-de-la-culture-des-arts-et-du-tourisme-je-ne-viens-pas-en-donneur-de-lecon-le-ministre-elise-ilboudo-thiombiano\/\">Cliquez ici pour lire l&rsquo;article depuis sa source.<\/a><\/p>\n","protected":false},"excerpt":{"rendered":"<p>En recevant son proc\u00e8s-verbal de prise de fonction des mains du Secr\u00e9taire g\u00e9n\u00e9ral du gouvernement, St\u00e9phane Sanou, la nouvelle ministre, Elise Ilboudo, a dit mesurer la lourdeur de la mission. Le nouveau ministre de la Culture, des Arts et du Tourisme (MCAT), Elyse Ilboudo \/Thiombiano a \u00e9t\u00e9 install\u00e9e dans ses fonctions, le vendredi 15 janvier [&hellip;]<\/p>\n","protected":false},"author":1816,"featured_media":0,"comment_status":"closed","ping_status":"closed","sticky":false,"template":"","format":"standard","meta":{"fifu_image_url":"https:\/\/www.sidwaya.info\/wp-content\/uploads\/2021\/01\/min-696x464.jpg","fifu_image_alt":"Minist\u00e8re de la Culture, des Arts  et du Tourisme : \u00ab Je ne viens pas en donneur de le\u00e7on \u00bb, le ministre Elise Ilboudo\/Thiombiano","footnotes":""},"categories":[73,81],"tags":[],"class_list":["post-109478","post","type-post","status-publish","format-standard","hentry","category-actualite","category-burkina-faso"],"_links":{"self":[{"href":"https:\/\/linitiative.ca\/International\/wp-json\/wp\/v2\/posts\/109478","targetHints":{"allow":["GET"]}}],"collection":[{"href":"https:\/\/linitiative.ca\/International\/wp-json\/wp\/v2\/posts"}],"about":[{"href":"https:\/\/linitiative.ca\/International\/wp-json\/wp\/v2\/types\/post"}],"author":[{"embeddable":true,"href":"https:\/\/linitiative.ca\/International\/wp-json\/wp\/v2\/users\/1816"}],"replies":[{"embeddable":true,"href":"https:\/\/linitiative.ca\/International\/wp-json\/wp\/v2\/comments?post=109478"}],"version-history":[{"count":0,"href":"https:\/\/linitiative.ca\/International\/wp-json\/wp\/v2\/posts\/109478\/revisions"}],"wp:attachment":[{"href":"https:\/\/linitiative.ca\/International\/wp-json\/wp\/v2\/media?parent=109478"}],"wp:term":[{"taxonomy":"category","embeddable":true,"href":"https:\/\/linitiative.ca\/International\/wp-json\/wp\/v2\/categories?post=109478"},{"taxonomy":"post_tag","embeddable":true,"href":"https:\/\/linitiative.ca\/International\/wp-json\/wp\/v2\/tags?post=109478"}],"curies":[{"name":"wp","href":"https:\/\/api.w.org\/{rel}","templated":true}]}}