{"id":109479,"date":"2021-01-17T06:18:02","date_gmt":"2021-01-17T11:18:02","guid":{"rendered":"https:\/\/linitiative.ca\/International\/cote-divoire-zohore-lassane-elu-president-du-groupement-des-editeurs-de-presse\/"},"modified":"2021-01-17T06:18:02","modified_gmt":"2021-01-17T11:18:02","slug":"cote-divoire-zohore-lassane-elu-president-du-groupement-des-editeurs-de-presse","status":"publish","type":"post","link":"https:\/\/linitiative.ca\/International\/cote-divoire-zohore-lassane-elu-president-du-groupement-des-editeurs-de-presse\/","title":{"rendered":"C\u00f4te d\u2019Ivoire: Zohor\u00e9 Lassane \u00e9lu pr\u00e9sident du Groupement des \u00e9diteurs de presse"},"content":{"rendered":"<div readability=\"32\">\n<p>Publi\u00e9 le 17.01.2021 \u00e0 12h18 par APA News<\/p>\n<\/div>\n<div readability=\"54\">\n<p>Zohor\u00e9 Lassane, le directeur g\u00e9n\u00e9ral de Gbich \u00c9dition a \u00e9t\u00e9 \u00e9lu samedi \u00e0 Grand-Bassam, une ville baln\u00e9aire au sud d\u2019Abidjan, pr\u00e9sident du Groupement des \u00e9diteurs de C\u00f4te d\u2019Ivoire ( GEPCI) lors du 5\u00e8 congr\u00e8s ordinaire de cette organisation patronale de la presse succ\u00e9dant ainsi \u00e0 M. Patrice Yao, a appris APA sur place dans la capitale \u00e9conomique ivoirienne.<\/p>\n<p>M. Zohor\u00e9 \u00a0a \u00e9t\u00e9 \u00e9lu au deuxi\u00e8me tour avec 18 voix contre 15 pour son challenger Ousmane Sy Savan\u00e9. \u00a0\u00ab J\u2019estime qu\u2019il n\u2019y a pas de vainqueur. Il y a le GEPCI uni. A bient\u00f4t pour relever ensemble les d\u00e9fis qui nous attendent \u00bb, a \u00e9crit M. Zohor\u00e9 sur sa page Facebook apr\u00e8s son \u00e9lection. \u00a0<\/p>\n<p>Trois candidats \u00e9taient en lice pour l\u2019\u00e9lection \u00e0 la pr\u00e9sidence de cette organisation. \u00a0Il s\u2019agit de Agbia Lucien, directeur g\u00e9n\u00e9ral de Multiconsult gestion (entreprise \u00e9ditrice de PME Magazine), Sy Savan\u00e9 Ousmane, directeur g\u00e9n\u00e9ral du Groupe Cyclone (entreprise \u00e9ditrice du quotidien Le temps) et Zohor\u00e9 Lassane, directeur g\u00e9n\u00e9ral de Gbich \u00c9dition (entreprise \u00e9diteur de l\u2019hebdomadaire d\u2019humour et de bande dessin\u00e9e Gbich).<\/p>\n<\/div>\n<p>Auteur: APA News<br \/>\n<a href=\"https:\/\/www.journalducameroun.com\/cote-divoire-zohore-lassane-elu-president-du-groupement-des-editeurs-de-presse\/\">Cliquez ici pour lire l&rsquo;article depuis sa source.<\/a><\/p>\n","protected":false},"excerpt":{"rendered":"<p>Publi\u00e9 le 17.01.2021 \u00e0 12h18 par APA News Zohor\u00e9 Lassane, le directeur g\u00e9n\u00e9ral de Gbich \u00c9dition a \u00e9t\u00e9 \u00e9lu samedi \u00e0 Grand-Bassam, une ville baln\u00e9aire au sud d\u2019Abidjan, pr\u00e9sident du Groupement des \u00e9diteurs de C\u00f4te d\u2019Ivoire ( GEPCI) lors du 5\u00e8 congr\u00e8s ordinaire de cette organisation patronale de la presse succ\u00e9dant ainsi \u00e0 M. Patrice [&hellip;]<\/p>\n","protected":false},"author":1965,"featured_media":0,"comment_status":"closed","ping_status":"closed","sticky":false,"template":"","format":"standard","meta":{"fifu_image_url":"","fifu_image_alt":"","footnotes":""},"categories":[73,82],"tags":[],"class_list":["post-109479","post","type-post","status-publish","format-standard","hentry","category-actualite","category-cameroun"],"_links":{"self":[{"href":"https:\/\/linitiative.ca\/International\/wp-json\/wp\/v2\/posts\/109479","targetHints":{"allow":["GET"]}}],"collection":[{"href":"https:\/\/linitiative.ca\/International\/wp-json\/wp\/v2\/posts"}],"about":[{"href":"https:\/\/linitiative.ca\/International\/wp-json\/wp\/v2\/types\/post"}],"author":[{"embeddable":true,"href":"https:\/\/linitiative.ca\/International\/wp-json\/wp\/v2\/users\/1965"}],"replies":[{"embeddable":true,"href":"https:\/\/linitiative.ca\/International\/wp-json\/wp\/v2\/comments?post=109479"}],"version-history":[{"count":0,"href":"https:\/\/linitiative.ca\/International\/wp-json\/wp\/v2\/posts\/109479\/revisions"}],"wp:attachment":[{"href":"https:\/\/linitiative.ca\/International\/wp-json\/wp\/v2\/media?parent=109479"}],"wp:term":[{"taxonomy":"category","embeddable":true,"href":"https:\/\/linitiative.ca\/International\/wp-json\/wp\/v2\/categories?post=109479"},{"taxonomy":"post_tag","embeddable":true,"href":"https:\/\/linitiative.ca\/International\/wp-json\/wp\/v2\/tags?post=109479"}],"curies":[{"name":"wp","href":"https:\/\/api.w.org\/{rel}","templated":true}]}}