{"id":109480,"date":"2021-01-17T06:18:04","date_gmt":"2021-01-17T11:18:04","guid":{"rendered":"https:\/\/linitiative.ca\/International\/le-burkinabe-zango-bat-le-record-du-monde-de-triple-saut-en-salle\/"},"modified":"2021-01-17T06:18:04","modified_gmt":"2021-01-17T11:18:04","slug":"le-burkinabe-zango-bat-le-record-du-monde-de-triple-saut-en-salle","status":"publish","type":"post","link":"https:\/\/linitiative.ca\/International\/le-burkinabe-zango-bat-le-record-du-monde-de-triple-saut-en-salle\/","title":{"rendered":"Le Burkinab\u00e9 Zango bat le record du monde de triple saut en salle"},"content":{"rendered":"<div readability=\"32\">\n<p>Publi\u00e9 le 17.01.2021 \u00e0 12h18 par APA News<\/p>\n<\/div>\n<div readability=\"73\">\n<p>Burkinab\u00e9 Hugues-Fabrice Zango a battu le record du monde du triple saut en salle, samedi, lors du meeting d\u2019Aubi\u00e8re, \u00e0 Clermont-Ferrand, dans le centre de la France.<\/p>\n<p>Avec son saut de 18,07m, le jeune athl\u00e8te de 27 ans rentre ainsi dans la l\u00e9gende de l\u2019athl\u00e9tisme, en devenant le nouveau recordman mondial du triple saut en salle. Un record qui \u00e9tait d\u00e9tenu depuis 10 ans (2011-2021) par son entraineur fran\u00e7ais Teddy Tamgho, avec la marque de 17,92 m, r\u00e9alis\u00e9e le 6 mars 2011 \u00e0 Paris-Bercy lors des championnats d\u2019Europe en salle.<\/p>\n<p>Zango a \u00e9tabli cette marque historique \u00e0 sa 6eme et derni\u00e8re tentative dans une salle quasiment vide du Stadium Pellez de Clermont-Ferrand, pour cause de Covid-19.<\/p>\n<p>En salle, le Burkinab\u00e9 est le premier athl\u00e8te \u00e0 sauter au-del\u00e0 des 18 m\u00e8tres. Les records du monde du triple saut en outdoor sont actuellement d\u00e9tenus par le Britannique Jonathan Edwards, auteur de 18,29 m le 7 ao\u00fbt 1995 en finale des championnats du monde de G\u00f6teborg, en Su\u00e8de, et par l\u2019Ukrainienne Inessa Kravets qui a atteint la marque de 15,50m, le 10 ao\u00fbt 1995 lors de ces m\u00eames championnats.<\/p>\n<p>\u00ab Franchir le cap des 18m c\u2019est une barri\u00e8re mentale qui s\u2019effondre \u00bb, a estim\u00e9 le jeune athl\u00e8te burkinab\u00e9 apr\u00e8s sa victoire historique.<\/p>\n<p>Soci\u00e9taire de l\u2019Artois Athl\u00e9tisme depuis son arriv\u00e9 en France en 2015, Hugues-Fabrice Zango brille aussi bien sur les pistes d\u2019athl\u00e9tisme que dans les \u00e9tudes. Il pr\u00e9pare en ce moment une th\u00e8se en g\u00e9nie \u00e9lectrique.<\/p>\n<\/div>\n<p>Auteur: APA News<br \/>\n<a href=\"https:\/\/www.journalducameroun.com\/le-burkinabe-zango-bat-le-record-du-monde-de-triple-saut-en-salle\/\">Cliquez ici pour lire l&rsquo;article depuis sa source.<\/a><\/p>\n","protected":false},"excerpt":{"rendered":"<p>Publi\u00e9 le 17.01.2021 \u00e0 12h18 par APA News Burkinab\u00e9 Hugues-Fabrice Zango a battu le record du monde du triple saut en salle, samedi, lors du meeting d\u2019Aubi\u00e8re, \u00e0 Clermont-Ferrand, dans le centre de la France. Avec son saut de 18,07m, le jeune athl\u00e8te de 27 ans rentre ainsi dans la l\u00e9gende de l\u2019athl\u00e9tisme, en devenant [&hellip;]<\/p>\n","protected":false},"author":1965,"featured_media":0,"comment_status":"closed","ping_status":"closed","sticky":false,"template":"","format":"standard","meta":{"fifu_image_url":"","fifu_image_alt":"","footnotes":""},"categories":[73,82],"tags":[],"class_list":["post-109480","post","type-post","status-publish","format-standard","hentry","category-actualite","category-cameroun"],"_links":{"self":[{"href":"https:\/\/linitiative.ca\/International\/wp-json\/wp\/v2\/posts\/109480","targetHints":{"allow":["GET"]}}],"collection":[{"href":"https:\/\/linitiative.ca\/International\/wp-json\/wp\/v2\/posts"}],"about":[{"href":"https:\/\/linitiative.ca\/International\/wp-json\/wp\/v2\/types\/post"}],"author":[{"embeddable":true,"href":"https:\/\/linitiative.ca\/International\/wp-json\/wp\/v2\/users\/1965"}],"replies":[{"embeddable":true,"href":"https:\/\/linitiative.ca\/International\/wp-json\/wp\/v2\/comments?post=109480"}],"version-history":[{"count":0,"href":"https:\/\/linitiative.ca\/International\/wp-json\/wp\/v2\/posts\/109480\/revisions"}],"wp:attachment":[{"href":"https:\/\/linitiative.ca\/International\/wp-json\/wp\/v2\/media?parent=109480"}],"wp:term":[{"taxonomy":"category","embeddable":true,"href":"https:\/\/linitiative.ca\/International\/wp-json\/wp\/v2\/categories?post=109480"},{"taxonomy":"post_tag","embeddable":true,"href":"https:\/\/linitiative.ca\/International\/wp-json\/wp\/v2\/tags?post=109480"}],"curies":[{"name":"wp","href":"https:\/\/api.w.org\/{rel}","templated":true}]}}