{"id":109482,"date":"2021-01-17T13:18:02","date_gmt":"2021-01-17T18:18:02","guid":{"rendered":"https:\/\/linitiative.ca\/International\/cote-divoire-des-prescripteurs-formes-sur-lutilisation-des-produits-phytosanitaires\/"},"modified":"2021-01-17T13:18:02","modified_gmt":"2021-01-17T18:18:02","slug":"cote-divoire-des-prescripteurs-formes-sur-lutilisation-des-produits-phytosanitaires","status":"publish","type":"post","link":"https:\/\/linitiative.ca\/International\/cote-divoire-des-prescripteurs-formes-sur-lutilisation-des-produits-phytosanitaires\/","title":{"rendered":"C\u00f4te d\u2019Ivoire: des prescripteurs form\u00e9s sur l\u2019utilisation des produits phytosanitaires"},"content":{"rendered":"<div readability=\"32\">\n<p>Publi\u00e9 le 17.01.2021 \u00e0 19h18 par APA News<\/p>\n<\/div>\n<div readability=\"79\">\n<p>Des prescripteurs ont \u00e9t\u00e9 form\u00e9s dans dix modules dont l\u2019utilisation rationnelle des produits phytosanitaires \u00bb du 11 au 15 janvier dernier \u00e0 l\u2019initiative de \u00abCroplife C\u00f4te d\u2019Ivoire \u00bb et ses partenaires, \u00e0 Yamoussoukro, la capitale politique et administrative ivoirienne.<\/p>\n<p>Selon une note d\u2019information transmise dimanche \u00e0 APA, cette formation qui a \u00e9galement port\u00e9 sur la \u00a0\u00abGestion int\u00e9gr\u00e9e de la fertilit\u00e9 des sols \u00bb, et \u00ab l\u2019Hygi\u00e8ne publique \u00bb a regroup\u00e9 20 revendeurs, 40 prescripteurs et 15 applicateurs.<\/p>\n<p>\u00a0\u00ab Nous avons gr\u00e2ce aux exp\u00e9riences relat\u00e9es par les uns et les autres, pu capter des informations capitales pour une r\u00e9gulation optimale de l\u2019activit\u00e9 phytosanitaire \u00bb, a indiqu\u00e9 Ang\u00e8le Yao, la premi\u00e8re responsable de la Direction de la protection des v\u00e9g\u00e9taux du contr\u00f4le et de la qualit\u00e9 (Dpvcq) du minist\u00e8re ivoirien de l\u2019Agriculture et du d\u00e9veloppement rural dans un discours prononc\u00e9 lors de la c\u00e9r\u00e9monie de cl\u00f4ture de cette session de formation.<\/p>\n<p>Pour sa part, Olga Kouassi, la directrice du Bureau norme audit ( BNA) a estim\u00e9 que \u00a0 \u00ab cette formation trouve toute sa pertinence dans un contexte marqu\u00e9 par la m\u00e9connaissance d\u00e9vastatrice des produits phytopharmaceutiques \u00bb.<\/p>\n<p>\u00a0Poursuivant, elle a indiqu\u00e9 que son institution, en tant qu\u2019organisme de certification, c\u00f4toie r\u00e9guli\u00e8rement cette probl\u00e9matique de mauvaise utilisation des pesticides dans le cadre de ses activit\u00e9s de certification en Afrique de l\u2019Ouest et centrale et s\u2019emploie, selon ses possibilit\u00e9s, \u00e0 apporter sa contribution pour la lutte contre les mauvaises pratiques.<\/p>\n<p>De son c\u00f4t\u00e9, Bama Yao, le directeur r\u00e9gional de Croplife Afrique de l\u2019ouest, du centre et du moyen Orient a soutenu que des \u00a0\u00ab id\u00e9es fortes \u00bb se sont d\u00e9gag\u00e9es \u00e0 l\u2019issue de cette session de formation.<\/p>\n<p>Il s\u2019agit notamment de \u00a0la gestion efficace des emballages vides de pesticides, de la notion de triple rin\u00e7age, du financement durable et des perspectives de coop\u00e9ration.<\/p>\n<\/div>\n<p>Auteur: APA News<br \/>\n<a href=\"https:\/\/www.journalducameroun.com\/cote-divoire-des-prescripteurs-formes-sur-lutilisation-des-produits-phytosanitaires\/\">Cliquez ici pour lire l&rsquo;article depuis sa source.<\/a><\/p>\n","protected":false},"excerpt":{"rendered":"<p>Publi\u00e9 le 17.01.2021 \u00e0 19h18 par APA News Des prescripteurs ont \u00e9t\u00e9 form\u00e9s dans dix modules dont l\u2019utilisation rationnelle des produits phytosanitaires \u00bb du 11 au 15 janvier dernier \u00e0 l\u2019initiative de \u00abCroplife C\u00f4te d\u2019Ivoire \u00bb et ses partenaires, \u00e0 Yamoussoukro, la capitale politique et administrative ivoirienne. Selon une note d\u2019information transmise dimanche \u00e0 APA, [&hellip;]<\/p>\n","protected":false},"author":1965,"featured_media":0,"comment_status":"closed","ping_status":"closed","sticky":false,"template":"","format":"standard","meta":{"fifu_image_url":"","fifu_image_alt":"","footnotes":""},"categories":[73,82],"tags":[],"class_list":["post-109482","post","type-post","status-publish","format-standard","hentry","category-actualite","category-cameroun"],"_links":{"self":[{"href":"https:\/\/linitiative.ca\/International\/wp-json\/wp\/v2\/posts\/109482","targetHints":{"allow":["GET"]}}],"collection":[{"href":"https:\/\/linitiative.ca\/International\/wp-json\/wp\/v2\/posts"}],"about":[{"href":"https:\/\/linitiative.ca\/International\/wp-json\/wp\/v2\/types\/post"}],"author":[{"embeddable":true,"href":"https:\/\/linitiative.ca\/International\/wp-json\/wp\/v2\/users\/1965"}],"replies":[{"embeddable":true,"href":"https:\/\/linitiative.ca\/International\/wp-json\/wp\/v2\/comments?post=109482"}],"version-history":[{"count":0,"href":"https:\/\/linitiative.ca\/International\/wp-json\/wp\/v2\/posts\/109482\/revisions"}],"wp:attachment":[{"href":"https:\/\/linitiative.ca\/International\/wp-json\/wp\/v2\/media?parent=109482"}],"wp:term":[{"taxonomy":"category","embeddable":true,"href":"https:\/\/linitiative.ca\/International\/wp-json\/wp\/v2\/categories?post=109482"},{"taxonomy":"post_tag","embeddable":true,"href":"https:\/\/linitiative.ca\/International\/wp-json\/wp\/v2\/tags?post=109482"}],"curies":[{"name":"wp","href":"https:\/\/api.w.org\/{rel}","templated":true}]}}