{"id":109489,"date":"2021-01-18T09:29:42","date_gmt":"2021-01-18T14:29:42","guid":{"rendered":"https:\/\/linitiative.ca\/International\/cette-marocanite-qui-unit-musulmans-et-juifs\/"},"modified":"2021-01-18T09:29:42","modified_gmt":"2021-01-18T14:29:42","slug":"cette-marocanite-qui-unit-musulmans-et-juifs","status":"publish","type":"post","link":"https:\/\/linitiative.ca\/International\/cette-marocanite-qui-unit-musulmans-et-juifs\/","title":{"rendered":"Cette marocanit\u00e9 qui unit musulmans et juifs"},"content":{"rendered":"<p><img decoding=\"async\" class=\"post_layout_5_img\" src=\"http:\/\/aujourdhui.ma\/wp-content\/uploads\/2016\/02\/Ahmed-GHAYET.jpg\" alt=\"Cette marocanit&#xE9; qui unit musulmans et juifs\"\/><\/p>\n<p><span class=\"c5\"><strong>Une action concr\u00e8te est venue \u00e0 nouveau illustrer cette v\u00e9rit\u00e9 \u2013 ce que beaucoup d\u2019\u00e9trangers ne peuvent comprendre- d\u2019une marocanit\u00e9 qui transcende tout et unit dans une m\u00eame identit\u00e9 compatriotes musulmans et juifs.<\/strong><\/span><\/p>\n<p><span id=\"more-365822\"\/><br \/>Il s\u2019agit de la plantation d\u2019un Olivier de la Fraternit\u00e9, mardi 12 janvier, par les membres du SOC (Stade olympique casablancais Simon Pinto) et ceux de Marocains Pluriels.<br \/>Les jeunes militants de \u00ab109\u00bb repr\u00e9sentaient les nouvelles g\u00e9n\u00e9rations, les artistes tels Nabyla Maan, Maxime Karoutchi, Firdaouss, Coco Diams, des repr\u00e9sentants de la soci\u00e9t\u00e9 civile tels Monique El Grichi, Khouloud Kebali, Omar Chraibi, J\u00e9r\u00e9mie Dahan, Yannick Soussana Assor\u2026 et des chefs d\u2019entreprises, femmes et hommes de m\u00e9dias, \u00e9taient pr\u00e9sents, unis dans une belle diversit\u00e9 qui illustre si bien le pr\u00e9ambule de notre Constitution.<br \/>L\u2019objectif de cette c\u00e9r\u00e9monie \u00e9tait de c\u00e9l\u00e9brer un double \u00e9v\u00e9nement, plac\u00e9 sous le signe des \u00abretrouvailles\u00bb, ce mot est celui qui d\u00e9crit le mieux les heureux d\u00e9nouements qui ont marqu\u00e9 la fin de l\u2019ann\u00e9e 2020 pour notre pays.<br \/>Notre Royaume est au c\u0153ur de profonds bouleversements, non pas en tant que spectateur mais en tant qu\u2019acteur !<br \/>Acteur de promotion de la paix et acteur du combat identitaire et territorial men\u00e9 par nos parents avant nous.<br \/>Au premier rang bien s\u00fbr de ces avanc\u00e9es historiques, notre Souverain : ce qu\u2019il vient de r\u00e9ussir est un v\u00e9ritable tournant pour notre pays, et aujourd\u2019hui nous r\u00e9coltons collectivement les fruits de l\u2019intelligence, de la patience, de la clairvoyance de sa politique. Les ann\u00e9es qui viennent -sur le court et le long terme- nous montreront \u00e0 quel point la reconnaissance de nos Provinces du Sud par les USA et les retrouvailles avec nos compatriotes, les plus de 800.000 ambassadeurs d\u2019origine marocaine \u2013 qui vivent en Isra\u00ebl \u2013 sont b\u00e9n\u00e9fiques pour notre Nation.<br \/>L\u2019ann\u00e9e 2020 a ainsi vu se concr\u00e9tiser une s\u00e9rie de \u00abretrouvailles\u00bb : une confiance retrouv\u00e9e, une refondation dans la proximit\u00e9 de l\u2019Islam et du Juda\u00efsme. En fait nous vivons des moments d\u00e9cisifs tant sur le plan interne que sur le plan international, et sans se perdre dans de grands \u00e9lans, l\u2019honn\u00eatet\u00e9 intellectuelle veut que l\u2019on dise haut et fort que Sa Majest\u00e9 le Roi Mohammed VI a fait bien plus pour la paix que quiconque, et gageons que le r\u00f4le du Maroc sera primordial pour permettre un r\u00e8glement juste du conflit isra\u00e9lo-palestinien, n\u2019en d\u00e9plaise \u00e0 ceux qui s\u2019ent\u00eatent dans le d\u00e9ni.<br \/>Nous sommes nombreux \u2013 acteurs de la soci\u00e9t\u00e9 civile, activistes culturels, artistes, militants associatifs\u2026- \u00e0 n\u2019avoir pas attendu pour faire vivre la fraternit\u00e9, concr\u00e8tement dans notre pays.<br \/>Politiques, chefs d\u2019entreprises, femmes et hommes des m\u00e9dias, leaders \u00e9conomiques\u2026 se sont saisis des nouvelles opportunit\u00e9s.<br \/>Il est temps, il est l\u00e9gitime que les acteurs du terrain, les repr\u00e9sentants des forces vives, en prennent leur part, afin d\u2019agir -\u00e0 leur mesure- par des gestes de proximit\u00e9 \u00e0 m\u00eame d\u2019apporter leur contribution sinc\u00e8re et enthousiaste \u00e0 l\u2019\u0153uvre entreprise par notre Souverain.<br \/>L\u2019\u00e9quipe du SOC -Stade olympique casablancais Simon Pinto- et les membres de Marocains Pluriels, habitu\u00e9s \u00e0 une collaboration fraternelle, par exemple \u00e0 travers leur Ftour Pluriel annuel, ont donc choisi de c\u00e9l\u00e9brer ces retrouvailles, cette refondation -pour la paix et pour la reconnaissance de nos provinces du Sud \u2013 par ce geste symbolique : la plantation d\u2019un \u00abOlivier de la Fraternit\u00e9 pour la paix\u00bb, en signe d\u2019engagement pour l\u2019avenir \u2013 fid\u00e8les en cela \u00e0 l\u2019h\u00e9ritage et au patrimoine ancestral et pluriel de notre Nation \u2013 inscrit dans le marbre du pr\u00e9ambule de notre Nation.<br \/>Je voudrais terminer cette chronique par un mot plus particulier pour Andr\u00e9 Azoulay \u2013 je sais qu\u2019il n\u2019aimera pas cela, mais je prends \u2018\u2019le risque\u00bb-. En effet, il n\u2019\u00e9tait pas pr\u00e9sent lors de cette c\u00e9r\u00e9monie mais je voudrais qu\u2019il sache \u00e0 quel point il l\u2019\u00e9tait dans les esprits des participants.<br \/>Militant convaincu, homme de paix, grand serviteur du Royaume et de son Roi, inlassable p\u00e8lerin du vivre-ensemble, il est de ceux qui donnent l\u2019envie, qui donnent la force, qui convainquent du bien-fond\u00e9 de l\u2019engagement\u2026<br \/>Nous sommes nombreux ceux \u00e0 qui il a donn\u00e9 la flamme.<\/p>\n<p>Auteur: ALM<br \/>\n<a href=\"https:\/\/aujourdhui.ma\/chroniques\/cette-marocanite-qui-unit-musulmans-et-juifs\">Cliquez ici pour lire l&rsquo;article depuis sa source.<\/a><\/p>\n","protected":false},"excerpt":{"rendered":"<p>Une action concr\u00e8te est venue \u00e0 nouveau illustrer cette v\u00e9rit\u00e9 \u2013 ce que beaucoup d\u2019\u00e9trangers ne peuvent comprendre- d\u2019une marocanit\u00e9 qui transcende tout et unit dans une m\u00eame identit\u00e9 compatriotes musulmans et juifs. Il s\u2019agit de la plantation d\u2019un Olivier de la Fraternit\u00e9, mardi 12 janvier, par les membres du SOC (Stade olympique casablancais Simon [&hellip;]<\/p>\n","protected":false},"author":1759,"featured_media":0,"comment_status":"closed","ping_status":"closed","sticky":false,"template":"","format":"standard","meta":{"fifu_image_url":"http:\/\/aujourdhui.ma\/wp-content\/uploads\/2016\/02\/Ahmed-GHAYET.jpg","fifu_image_alt":"Cette marocanit\u00e9 qui unit musulmans et juifs","footnotes":""},"categories":[73,54],"tags":[],"class_list":["post-109489","post","type-post","status-publish","format-standard","hentry","category-actualite","category-maroc"],"_links":{"self":[{"href":"https:\/\/linitiative.ca\/International\/wp-json\/wp\/v2\/posts\/109489","targetHints":{"allow":["GET"]}}],"collection":[{"href":"https:\/\/linitiative.ca\/International\/wp-json\/wp\/v2\/posts"}],"about":[{"href":"https:\/\/linitiative.ca\/International\/wp-json\/wp\/v2\/types\/post"}],"author":[{"embeddable":true,"href":"https:\/\/linitiative.ca\/International\/wp-json\/wp\/v2\/users\/1759"}],"replies":[{"embeddable":true,"href":"https:\/\/linitiative.ca\/International\/wp-json\/wp\/v2\/comments?post=109489"}],"version-history":[{"count":0,"href":"https:\/\/linitiative.ca\/International\/wp-json\/wp\/v2\/posts\/109489\/revisions"}],"wp:attachment":[{"href":"https:\/\/linitiative.ca\/International\/wp-json\/wp\/v2\/media?parent=109489"}],"wp:term":[{"taxonomy":"category","embeddable":true,"href":"https:\/\/linitiative.ca\/International\/wp-json\/wp\/v2\/categories?post=109489"},{"taxonomy":"post_tag","embeddable":true,"href":"https:\/\/linitiative.ca\/International\/wp-json\/wp\/v2\/tags?post=109489"}],"curies":[{"name":"wp","href":"https:\/\/api.w.org\/{rel}","templated":true}]}}