{"id":109490,"date":"2021-01-18T10:24:35","date_gmt":"2021-01-18T15:24:35","guid":{"rendered":"https:\/\/linitiative.ca\/International\/renforcement-du-patrimoine-culturel-deux-nouveaux-projets-de-loi-dans-le-processus-dadoption\/"},"modified":"2021-01-18T10:24:35","modified_gmt":"2021-01-18T15:24:35","slug":"renforcement-du-patrimoine-culturel-deux-nouveaux-projets-de-loi-dans-le-processus-dadoption","status":"publish","type":"post","link":"https:\/\/linitiative.ca\/International\/renforcement-du-patrimoine-culturel-deux-nouveaux-projets-de-loi-dans-le-processus-dadoption\/","title":{"rendered":"Renforcement du patrimoine culturel : Deux nouveaux projets de loi dans le processus d\u2019adoption"},"content":{"rendered":"<p><img decoding=\"async\" class=\"post_layout_5_img\" src=\"http:\/\/aujourdhui.ma\/wp-content\/uploads\/2021\/01\/patrimoine-re-1.jpg\" alt=\"Renforcement du patrimoine culturel : Deux nouveaux projets de loi dans le processus d&#x2019;adoption\"\/><\/p>\n<p><span class=\"c5\"><strong>Cr\u00e9ation d\u2019un registre national, mise en place d\u2019un dispositif en faveur des tr\u00e9sors humains\u2026<\/strong><\/span><span id=\"more-365819\"\/><\/p>\n<p>Le patrimoine culturel se renforce de plus en plus. Le ministre de la culture, de la jeunesse et du sport, Othman El Ferdaous, a pr\u00e9sent\u00e9 un dispositif visant sa sauvegarde et sa valorisation. \u00abA la diff\u00e9rence du patrimoine culturel mat\u00e9riel, le patrimoine immat\u00e9riel n\u2019est aujourd\u2019hui malheureusement pas pris en charge par la l\u00e9gislation actuelle. La d\u00e9finition du patrimoine immat\u00e9riel ainsi que des mesures essentielles \u00e0 sa sauvegarde, son identification, sa documentation, sa transmission aux g\u00e9n\u00e9rations futures, sa protection, sa promotion aux niveaux local, r\u00e9gional, national et international sont une n\u00e9cessit\u00e9\u00bb, indique le ministre sur sa page officielle.<\/p>\n<p>Dans ce sens, le ministre annonce qu\u2019un projet de loi relatif \u00e0 la protection, la pr\u00e9servation et la valorisation du patrimoine culturel mat\u00e9riel et immat\u00e9riel a \u00e9t\u00e9 \u00e9labor\u00e9 par le minist\u00e8re et il est actuellement engag\u00e9 dans le processus d\u2019adoption. A cet effet, une table ronde sur la protection juridique du patrimoine culturel mat\u00e9riel et immat\u00e9riel sera organis\u00e9e ce 28 janvier \u00e0 Rabat, associant universitaires et professionnels des m\u00e9tiers du patrimoine, dans l\u2019optique d\u2019acc\u00e9l\u00e9rer l\u2019actualisation de la loi 22-80 apr\u00e8s 40 ann\u00e9es de sa mise en application, dans la continuit\u00e9 d\u2019une r\u00e9flexion collective men\u00e9e par le minist\u00e8re avec la Fondation pour la sauvegarde du patrimoine culturel de Rabat.<\/p>\n<p>Selon la m\u00eame source, le nouveau projet de loi sur le patrimoine pr\u00e9voit la cr\u00e9ation d\u2019un registre national sp\u00e9cifique pour le patrimoine immat\u00e9riel sur lequel les communaut\u00e9s locales, les associations de la soci\u00e9t\u00e9 civile et les corporations de m\u00e9tiers pourront proposer l\u2019inscription sur la liste nationale de l\u2019inventaire par l\u2019envoi d\u2019une demande au minist\u00e8re assortie de renseignements sur l\u2019\u00e9l\u00e9ment immat\u00e9riel, sa valeur culturelle et \u00e9ventuellement historique, les menaces \u00e9ventuelles qui p\u00e8sent sur lui et les actions propos\u00e9es pour sa sauvegarde.<br \/>\u00abLe projet de loi pr\u00e9voit \u00e9galement la cr\u00e9ation d\u2019un dispositif en faveur des tr\u00e9sors humains vivants pour accorder une reconnaissance officielle \u00e0 ces d\u00e9tenteurs de la tradition et assurer la transmission de leurs connaissances aux jeunes g\u00e9n\u00e9rations\u00bb, indique-t-il.<\/p>\n<p>Et d\u2019ajouter qu\u2019au d\u00e9but de l\u2019ann\u00e9e, \u00abun appel d\u2019offres pour une \u00e9tude strat\u00e9gique a \u00e9galement \u00e9t\u00e9 lanc\u00e9 par le d\u00e9partement de la culture, notamment pour \u00e9valuer diff\u00e9rents sc\u00e9narios pour le renforcement de la Direction du patrimoine culturel au sein du minist\u00e8re, y compris la possibilit\u00e9 de la faire \u00e9voluer vers un mod\u00e8le d\u2019agence\u00bb.<br \/>Le ministre a par ailleurs fait savoir que le minist\u00e8re a \u00e9galement pr\u00e9sent\u00e9 deux projets de loi relatifs aux mus\u00e9es et \u00e0 la Fondation nationale des mus\u00e9es (FNM), en cours de discussion \u00e0 la premi\u00e8re Chambre. Ceux-ci visent \u00ab\u00e0 renforcer les missions de cette institution quant \u00e0 la cr\u00e9ation de nouveaux mus\u00e9es, au contr\u00f4le de l\u2019appellation mus\u00e9e, et \u00e0 la pr\u00e9servation et la promotion du patrimoine mat\u00e9riel et immat\u00e9riel, notamment pour ce qui concerne la r\u00e9cup\u00e9ration des pi\u00e8ces arch\u00e9ologiques ou ethnographiques dont la saisie ou la confiscation a \u00e9t\u00e9 d\u00e9cid\u00e9e par la justice.<\/p>\n<div class=\"base-box mom_box_sc_custom mom_box_sc clear c6\" readability=\"18\">\n<p><span class=\"c5\"><strong>Maroc-USA : Un MoU pour prot\u00e9ger les biens culturels marocains contre le trafic illicite<\/strong><\/span><\/p>\n<p>Le Maroc et les Etats-Unis ont signer un m\u00e9morandum d\u2019entente (MoU) pour prot\u00e9ger les biens culturels marocains contre le trafic illicite. Cette signature a eu lieu entre la secr\u00e9taire d\u2019\u00c9tat adjointe des \u00c9tats-Unis aux affaires \u00e9ducatives et culturelles, Marie Royce, et Othman El Ferdaous, qui en a fait l\u2019annonce sur son compte Facebook. Selon le ministre, ce partenariat est le fruit d\u2019un travail de longue haleine men\u00e9 avec le concours du minist\u00e8re des affaires \u00e9trang\u00e8res, qui pr\u00e9voit des mesures proc\u00e9durales pour lutter contre le trafic des objets arch\u00e9ologiques et ethnographiques du Maroc vers les Etats-Unis. Et d\u2019ajouter que \u00abcet accord constitue une \u00e9tape importante dans la lutte contre la criminalit\u00e9 transnationale organis\u00e9e, et fait partie d\u2019un effort plus large en direction des pays du march\u00e9 de l\u2019art. La coop\u00e9ration bilat\u00e9rale avec la France a permis au Maroc en octobre dernier de r\u00e9cup\u00e9rer un lot exceptionnel de pr\u00e8s de 25.000 pi\u00e8ces du patrimoine arch\u00e9ologique national ayant fait l\u2019objet de pillage\u00bb.<\/p>\n<\/div>\n<p>Auteur: Siham Jadraoui<br \/>\n<a href=\"https:\/\/aujourdhui.ma\/culture\/renforcement-du-patrimoine-culturel-deux-nouveaux-projets-de-loi-dans-le-processus-dadoption\">Cliquez ici pour lire l&rsquo;article depuis sa source.<\/a><\/p>\n","protected":false},"excerpt":{"rendered":"<p>Cr\u00e9ation d\u2019un registre national, mise en place d\u2019un dispositif en faveur des tr\u00e9sors humains\u2026 Le patrimoine culturel se renforce de plus en plus. Le ministre de la culture, de la jeunesse et du sport, Othman El Ferdaous, a pr\u00e9sent\u00e9 un dispositif visant sa sauvegarde et sa valorisation. \u00abA la diff\u00e9rence du patrimoine culturel mat\u00e9riel, le [&hellip;]<\/p>\n","protected":false},"author":1759,"featured_media":0,"comment_status":"closed","ping_status":"closed","sticky":false,"template":"","format":"standard","meta":{"fifu_image_url":"http:\/\/aujourdhui.ma\/wp-content\/uploads\/2021\/01\/patrimoine-re-1.jpg","fifu_image_alt":"Renforcement du patrimoine culturel : Deux nouveaux projets de loi dans le processus d\u2019adoption","footnotes":""},"categories":[73,54],"tags":[],"class_list":["post-109490","post","type-post","status-publish","format-standard","hentry","category-actualite","category-maroc"],"_links":{"self":[{"href":"https:\/\/linitiative.ca\/International\/wp-json\/wp\/v2\/posts\/109490","targetHints":{"allow":["GET"]}}],"collection":[{"href":"https:\/\/linitiative.ca\/International\/wp-json\/wp\/v2\/posts"}],"about":[{"href":"https:\/\/linitiative.ca\/International\/wp-json\/wp\/v2\/types\/post"}],"author":[{"embeddable":true,"href":"https:\/\/linitiative.ca\/International\/wp-json\/wp\/v2\/users\/1759"}],"replies":[{"embeddable":true,"href":"https:\/\/linitiative.ca\/International\/wp-json\/wp\/v2\/comments?post=109490"}],"version-history":[{"count":0,"href":"https:\/\/linitiative.ca\/International\/wp-json\/wp\/v2\/posts\/109490\/revisions"}],"wp:attachment":[{"href":"https:\/\/linitiative.ca\/International\/wp-json\/wp\/v2\/media?parent=109490"}],"wp:term":[{"taxonomy":"category","embeddable":true,"href":"https:\/\/linitiative.ca\/International\/wp-json\/wp\/v2\/categories?post=109490"},{"taxonomy":"post_tag","embeddable":true,"href":"https:\/\/linitiative.ca\/International\/wp-json\/wp\/v2\/tags?post=109490"}],"curies":[{"name":"wp","href":"https:\/\/api.w.org\/{rel}","templated":true}]}}