{"id":109492,"date":"2021-01-18T08:50:28","date_gmt":"2021-01-18T13:50:28","guid":{"rendered":"https:\/\/linitiative.ca\/International\/%ef%bb%bfsuleiman-zanfari-carbure-vers-la-f4-espagnole-en-2021\/"},"modified":"2021-01-18T08:50:28","modified_gmt":"2021-01-18T13:50:28","slug":"%ef%bb%bfsuleiman-zanfari-carbure-vers-la-f4-espagnole-en-2021","status":"publish","type":"post","link":"https:\/\/linitiative.ca\/International\/%ef%bb%bfsuleiman-zanfari-carbure-vers-la-f4-espagnole-en-2021\/","title":{"rendered":"\ufeffSuleiman Zanfari carbure vers la F4 espagnole en 2021"},"content":{"rendered":"<p class=\"c2\"><strong>Sous les couleurs de MP Motorsport<\/strong><\/p>\n<p><strong>Si 2020 \u00e9tait une ann\u00e9e sportive complexe et tr\u00e8s difficile \u00e0 g\u00e9rer par les sportifs \u00e0 cause de la Covid-19 qui a frapp\u00e9 le monde entier, l\u2019ann\u00e9e 2021 l\u2019est aussi mais avec un degr\u00e9 moindre avec l\u2019espoir de voir cette pand\u00e9mie prendre fin le plut\u00f4t possible.<\/strong><\/p>\n<p><strong>Le jeune champion marocain en automobile, Suleiman Zanfari, a pourtant r\u00e9ussi des performances int\u00e9ressantes lors de sa premi\u00e8re saison de F4 en Espagne. Zanfari compte poursuivre son exp\u00e9rience et obtenir de bons r\u00e9sultats dans ce championnat l\u2019an prochain au sein du team r\u00e9put\u00e9 MP Motorsport.<\/strong><\/p>\n<p><strong>Zanfari rejoint MP Motorsport en F4 Spain<\/strong><\/p>\n<p>Suleiman Zanfari se trouve en nette progression.Une autre \u00e9tape arrive dans son parcours d\u2019apprendre le m\u00e9tier et gravir les \u00e9chelles. Hier, c\u2019\u00e9tait le Karting r\u00e9alis\u00e9 avec beaucoup de succ\u00e8s. Aujourd\u2019hui, c\u2019est la c\u00e9l\u00e8bre F4 qui retrouv\u00e9e SVP, par la grande porte.<\/p>\n<p>Retenez bien, quand la prestigieuse MP Motorsport vous ouvre ses bras, c\u2019est que vous avez du m\u00e9rite. Une longue carri\u00e8re est ainsi annonc\u00e9e, avec d\u00e9termination coll\u00e9giale, orientation parentale sage et ADN chez notre courageux Suleiman.<\/p>\n<p>Certes la saison 2020 a constitu\u00e9 une ann\u00e9e sportive complexe \u00e0 g\u00e9rer chez le team Zanfari, pour de la cause de la pand\u00e9mie. Mais confiant et grand par son talent, le jeune Suleiman, a pu r\u00e9ussir des performances int\u00e9ressantes lors de sa premi\u00e8re saison de F4 en Espagne.<\/p>\n<p>Il veut continuer sur sa lanc\u00e9e et poursuivre son exp\u00e9rience afin d\u2019obtenir de bons r\u00e9sultats dans ce championnat de haut niveau au sein du team MP Motorsport.<\/p>\n<p>En attendant et en tout d\u00e9but d\u2019ann\u00e9e, le jeune pilote marocain Suleiman Zanfari a disput\u00e9 plusieurs comp\u00e9titions de karting couronn\u00e9es de succ\u00e8s.<\/p>\n<p>Cela a \u00e9t\u00e9 fait alors qu\u2019il \u00e9tait en train de d\u00e9couvrir en parall\u00e8le les subtilit\u00e9s du pilotage en monoplace. Mais que faire, la pand\u00e9mie de la COVID-19 \u00e9tait intervenue pour bousculer ses projets.<\/p>\n<p>Priv\u00e9 de roulage, Zanfari a sagement attendu que la situation s\u2019am\u00e9liore pour rebondir dans le championnat espagnol de F4 organis\u00e9 sous la houlette de la Real Federaci\u00f4n Espahola de Automovilismo. Face \u00e0 un plateau relev\u00e9, Zanfari a r\u00e9ussi plusieurs performances int\u00e9ressantes tout en terminant dans le top 10 des Rookies, malgr\u00e9 une saison tr\u00e8s resserr\u00e9e dans le temps.<\/p>\n<p><strong>Davantage d\u2019ambitions pour 2021<\/strong><\/p>\n<p>Le jeune pilote marocain et son entourage ont d\u00e9cid\u00e9 de revenir en F4 Spain \u00e0 partir de cette ann\u00e9e pour disputer une saison plus ambitieuse. Pour ce, Suleiman va int\u00e9grer une \u00e9curie au palmar\u00e8s prestigieux, le team MP Motorsport dirig\u00e9 par Sander Dorsman.<\/p>\n<p>MP Motorsport est engag\u00e9e parmi les \u00e9quipes de pointe de la F4 \u00e0 la F2 depuis de nombreuses saisons. L\u2019\u00e9quipe n\u00e9erlandaise a notamment remport\u00e9 quatre des cinq \u00e9ditions du championnat d\u2019Espagne de F4. Les cinq premiers de la saison 2020 roulaient d\u2019ailleurs sous les couleurs de MP Motorsport.<\/p>\n<p>Pour Suleiman, les raisons de ce choix se r\u00e9sument comme ainsi : \u00ab Pour progresser, j\u2019ai besoin de faire partie d\u2019une \u00e9quipe exp\u00e9riment\u00e9e capable d\u2019aligner plusieurs pilotes de valeur dans des voitures tr\u00e8s comp\u00e9titives. Apr\u00e8s une ann\u00e9e de d\u00e9couverte, il faut que je me confronte \u00e0 des \u00e9quipiers aguerris pour pouvoir \u00e9voluer vers le haut du classement. Je suis ravi d\u2019avoir obtenu un volant chez MP Motorsport pour 2021 et je fais totalement confiance \u00e0 l\u2019\u00e9quipe pour accompagner mon d\u00e9but de carri\u00e8re en monoplace. Le fait que ce team ma\u00eetrise \u00e9galement les cat\u00e9gories sup\u00e9rieures comme la F3 ou la F2 est un atout \u00e0 ne pas n\u00e9gliger \u00bb.<\/p>\n<p>Auteur: M&rsquo;hammed rahal<br \/>\n<a href=\"http:\/\/albayane.press.ma\/%EF%BB%BFsuleiman-zanfari-carbure-vers-la-f4-espagnole-en-2021.html\">Cliquez ici pour lire l&rsquo;article depuis sa source.<\/a><\/p>\n","protected":false},"excerpt":{"rendered":"<p>Sous les couleurs de MP Motorsport Si 2020 \u00e9tait une ann\u00e9e sportive complexe et tr\u00e8s difficile \u00e0 g\u00e9rer par les sportifs \u00e0 cause de la Covid-19 qui a frapp\u00e9 le monde entier, l\u2019ann\u00e9e 2021 l\u2019est aussi mais avec un degr\u00e9 moindre avec l\u2019espoir de voir cette pand\u00e9mie prendre fin le plut\u00f4t possible. Le jeune champion [&hellip;]<\/p>\n","protected":false},"author":1760,"featured_media":0,"comment_status":"closed","ping_status":"closed","sticky":false,"template":"","format":"standard","meta":{"fifu_image_url":"","fifu_image_alt":"","footnotes":""},"categories":[73,54],"tags":[],"class_list":["post-109492","post","type-post","status-publish","format-standard","hentry","category-actualite","category-maroc"],"_links":{"self":[{"href":"https:\/\/linitiative.ca\/International\/wp-json\/wp\/v2\/posts\/109492","targetHints":{"allow":["GET"]}}],"collection":[{"href":"https:\/\/linitiative.ca\/International\/wp-json\/wp\/v2\/posts"}],"about":[{"href":"https:\/\/linitiative.ca\/International\/wp-json\/wp\/v2\/types\/post"}],"author":[{"embeddable":true,"href":"https:\/\/linitiative.ca\/International\/wp-json\/wp\/v2\/users\/1760"}],"replies":[{"embeddable":true,"href":"https:\/\/linitiative.ca\/International\/wp-json\/wp\/v2\/comments?post=109492"}],"version-history":[{"count":0,"href":"https:\/\/linitiative.ca\/International\/wp-json\/wp\/v2\/posts\/109492\/revisions"}],"wp:attachment":[{"href":"https:\/\/linitiative.ca\/International\/wp-json\/wp\/v2\/media?parent=109492"}],"wp:term":[{"taxonomy":"category","embeddable":true,"href":"https:\/\/linitiative.ca\/International\/wp-json\/wp\/v2\/categories?post=109492"},{"taxonomy":"post_tag","embeddable":true,"href":"https:\/\/linitiative.ca\/International\/wp-json\/wp\/v2\/tags?post=109492"}],"curies":[{"name":"wp","href":"https:\/\/api.w.org\/{rel}","templated":true}]}}