{"id":109493,"date":"2021-01-18T08:53:16","date_gmt":"2021-01-18T13:53:16","guid":{"rendered":"https:\/\/linitiative.ca\/International\/linter-en-crise-le-real-pas-encore-paye-pour-hakimi\/"},"modified":"2021-01-18T08:53:16","modified_gmt":"2021-01-18T13:53:16","slug":"linter-en-crise-le-real-pas-encore-paye-pour-hakimi","status":"publish","type":"post","link":"https:\/\/linitiative.ca\/International\/linter-en-crise-le-real-pas-encore-paye-pour-hakimi\/","title":{"rendered":"L\u2019Inter en crise, le Real pas encore pay\u00e9 pour Hakimi"},"content":{"rendered":"<p><strong>Une r\u00e9cente fuite dans la presse italienne a mis la lumi\u00e8re sur la crise financi\u00e8re que traverse l\u2019Inter Milan. Le club italien dans lequel \u00e9volue l\u2019international marocain Achraf Hakimi n\u2019aurait pas vers\u00e9 4 mois de salaire \u00e0 ses joueurs.<\/strong><\/p>\n<p>En effet, d\u2019apr\u00e8s le m\u00e9dia italien la Repubblica, l\u2019Inter Milan aurait tenu une r\u00e9union avant le choc face \u00e0 la Juventus pour discuter de la situation des joueurs, qui en cas de non r\u00e9ception de leurs salaires avant le 16 f\u00e9vrier pourraient risquer un retrait de points.<\/p>\n<p>Enfin, cette situation impacte \u00e9galement le Real Madrid qui n\u2019aurait toujours pas per\u00e7u le montant concernant le transfert du Lion de l\u2019Atlas Achraf Hakimi. Le premier paiement (10 millions sur les 40 totaux) a \u00e9t\u00e9 report\u00e9 pour le 30 mars prochain.<\/p>\n<p>Auteur: M&rsquo;hammed rahal<br \/>\n<a href=\"http:\/\/albayane.press.ma\/linter-en-crise-le-real-pas-encore-paye-pour-hakimi.html\">Cliquez ici pour lire l&rsquo;article depuis sa source.<\/a><\/p>\n","protected":false},"excerpt":{"rendered":"<p>Une r\u00e9cente fuite dans la presse italienne a mis la lumi\u00e8re sur la crise financi\u00e8re que traverse l\u2019Inter Milan. Le club italien dans lequel \u00e9volue l\u2019international marocain Achraf Hakimi n\u2019aurait pas vers\u00e9 4 mois de salaire \u00e0 ses joueurs. En effet, d\u2019apr\u00e8s le m\u00e9dia italien la Repubblica, l\u2019Inter Milan aurait tenu une r\u00e9union avant le [&hellip;]<\/p>\n","protected":false},"author":1760,"featured_media":0,"comment_status":"closed","ping_status":"closed","sticky":false,"template":"","format":"standard","meta":{"fifu_image_url":"","fifu_image_alt":"","footnotes":""},"categories":[73,54],"tags":[],"class_list":["post-109493","post","type-post","status-publish","format-standard","hentry","category-actualite","category-maroc"],"_links":{"self":[{"href":"https:\/\/linitiative.ca\/International\/wp-json\/wp\/v2\/posts\/109493","targetHints":{"allow":["GET"]}}],"collection":[{"href":"https:\/\/linitiative.ca\/International\/wp-json\/wp\/v2\/posts"}],"about":[{"href":"https:\/\/linitiative.ca\/International\/wp-json\/wp\/v2\/types\/post"}],"author":[{"embeddable":true,"href":"https:\/\/linitiative.ca\/International\/wp-json\/wp\/v2\/users\/1760"}],"replies":[{"embeddable":true,"href":"https:\/\/linitiative.ca\/International\/wp-json\/wp\/v2\/comments?post=109493"}],"version-history":[{"count":0,"href":"https:\/\/linitiative.ca\/International\/wp-json\/wp\/v2\/posts\/109493\/revisions"}],"wp:attachment":[{"href":"https:\/\/linitiative.ca\/International\/wp-json\/wp\/v2\/media?parent=109493"}],"wp:term":[{"taxonomy":"category","embeddable":true,"href":"https:\/\/linitiative.ca\/International\/wp-json\/wp\/v2\/categories?post=109493"},{"taxonomy":"post_tag","embeddable":true,"href":"https:\/\/linitiative.ca\/International\/wp-json\/wp\/v2\/tags?post=109493"}],"curies":[{"name":"wp","href":"https:\/\/api.w.org\/{rel}","templated":true}]}}