{"id":109494,"date":"2021-01-18T09:27:49","date_gmt":"2021-01-18T14:27:49","guid":{"rendered":"https:\/\/linitiative.ca\/International\/%ef%bb%bfles-lions-de-latlas-partent-a-la-defense-de-leur-titre\/"},"modified":"2021-01-18T09:27:49","modified_gmt":"2021-01-18T14:27:49","slug":"%ef%bb%bfles-lions-de-latlas-partent-a-la-defense-de-leur-titre","status":"publish","type":"post","link":"https:\/\/linitiative.ca\/International\/%ef%bb%bfles-lions-de-latlas-partent-a-la-defense-de-leur-titre\/","title":{"rendered":"\ufeffLes Lions de l\u2019Atlas partent \u00e0 la d\u00e9fense de leur titre"},"content":{"rendered":"<p class=\"c2\"><strong>CHAN \u2013 Cameroun-2021<\/strong><\/p>\n<p class=\"c3\"><strong>Par Taoufik Saoulaji- MAP<\/strong><\/p>\n<p><strong>La s\u00e9lection nationale des joueurs locaux, qui prendra part \u00e0 Douala \u00e0 la 6\u00e8 \u00e9dition du Championnat d\u2019Afrique des Nations (Cameroun-2021), nourrit de grandes ambitions afin de conserver son titre d\u00e9croch\u00e9 lors de la pr\u00e9c\u00e9dente \u00e9dition disput\u00e9e en 2018 au Maroc.<\/strong><\/p>\n<p>Gonfl\u00e9s \u00e0 bloc pour leur quatri\u00e8me participation dans le CHAN, les Lions de l\u2019Atlas disputeront ce tournoi, qui a d\u00e9but\u00e9 samedi, avec la ferme volont\u00e9 de confirmer leur statut de favoris et d\u00e9fendre leur titre remport\u00e9 \u00e0 domicile sous la houlette de Jamal Sellami apr\u00e8s avoir sign\u00e9 un excellent parcours.<\/p>\n<p>Pour ce faire, le s\u00e9lectionneur national, Lhoussine Ammouta, qui se fixe l\u2019objectif de r\u00e9it\u00e9rer la prouesse de 2018, s\u2019appuie sur une \u00e9quipe compos\u00e9e de jeunes joueurs qui participeront \u00e0 la comp\u00e9tition pour la premi\u00e8re fois, ainsi que des joueurs ayant engrang\u00e9 de l\u2019exp\u00e9rience dans les comp\u00e9titions africaines avec leurs clubs, issus notamment de la Renaissance de Berkane (RSB), vainqueur de la Coupe de la Conf\u00e9d\u00e9ration africaine de football (CAF), du Wydad et du Raja de Casablanca.<\/p>\n<p>Dans le dessein de livrer une bonne performance lors de cette comp\u00e9tition, l\u2019\u00e9quipe nationale a effectu\u00e9 plusieurs galops d\u2019entra\u00eenements, ponctu\u00e9s par des matchs amicaux, dont le dernier \u00e9tait face \u00e0 la Guin\u00e9e (victoire 1-0 pour les Lions de l\u2019Atlas).<\/p>\n<p>Toujours dans le cadre de sa pr\u00e9paration, l\u2019\u00e9quipe marocaine s\u2019\u00e9tait impos\u00e9e face au Mali (1-0) et face au Niger (2-0), alors que la F\u00e9d\u00e9ration royale marocaine de football avait annul\u00e9 un stage de pr\u00e9paration \u00e0 l\u2019\u00e9tranger, compte tenu de la situation sanitaire observ\u00e9e dans de nombreux pays du monde en raison de la pand\u00e9mie du coronavirus.<\/p>\n<p>D\u2019apr\u00e8s les observateurs sportifs, l\u2019\u00e9quipe nationale n\u2019aura aucune peine \u00e0 sortir des poules et se frayer un chemin vers le sacre pour la deuxi\u00e8me fois cons\u00e9cutive, d\u2019autant plus que deux de ses adversaires dans le groupe C (Rwanda et Ouganda) n\u2019ont jamais r\u00e9ussi \u00e0 surmonter le premier tour lors des pr\u00e9c\u00e9dentes \u00e9ditions, tandis que le Togo est un novice du tournoi.<br \/>Le site officiel de la CAF a \u00e9galement class\u00e9 l\u2019\u00e9quipe nationale parmi les favoris pour d\u00e9crocher le titre, affirmant que \u00ab\u00a0l\u2019exp\u00e9rience dont disposent les joueurs de l\u2019\u00e9quipe fait d\u2019eux des favoris pour le titre\u00a0\u00bb.<\/p>\n<p>Selon le s\u00e9lectionneur national, \u00ab\u00a0l\u2019objectif lors de la participation au CHAN est de conserver le titre, bien que les conditions de pr\u00e9paration n\u2019aient pas \u00e9t\u00e9 \u00e0 la hauteur de nos attentes en raison de la crise sanitaire, outre l\u2019absence des joueurs du Wydad, du Raja et du RSB de la plupart des stages en raison de leur engagement dans les comp\u00e9titions africaines\u00a0\u00bb.<\/p>\n<p>Bless\u00e9s, les deux stars de la ligne offensive marocaine, Abdelilah El Hafidi et Adam Nafati, devraient \u00eatre absents lors du match face au Togo lundi mais devraient \u00eatre pr\u00eats pour la deuxi\u00e8me journ\u00e9e face au Rwanda, a confi\u00e9 le technicien marocain.<\/p>\n<p>Cette \u00e9dition report\u00e9e du CHAN semble \u00eatre \u00e0 la port\u00e9e de certaines \u00e9quipes qui avaient \u00e9t\u00e9 pr\u00e9c\u00e9demment couronn\u00e9es, \u00e0 l\u2019instar de la Tunisie en 2011, qui participera pour la troisi\u00e8me fois, et de la R\u00e9publique d\u00e9mocratique du Congo (RDC), qui a remport\u00e9 le titre \u00e0 deux reprises en 2009 et 2016, et qui disputera son cinqui\u00e8me championnat.<\/p>\n<p>La RDC a, d\u2019ailleurs, eu l\u2019honneur de soulever le premier troph\u00e9e de ce tournoi en prenant le dessus sur le Ghana en finale en C\u00f4te d\u2019Ivoire (2009), avec la participation de huit \u00e9quipes seulement.<\/p>\n<p>Pour cette premi\u00e8re \u00e9dition, la s\u00e9lection marocaine, alors entra\u00een\u00e9e par feu Abdellah Blinda, n\u2019a pas r\u00e9ussi \u00e0 d\u00e9crocher son ticket pour la phase finale, apr\u00e8s avoir \u00e9t\u00e9 \u00e9vinc\u00e9e d\u00e8s le tour pr\u00e9liminaire par la Libye, apr\u00e8s une cuisante d\u00e9faite 3-0.<\/p>\n<p>L\u2019\u00e9dition de 2011, organis\u00e9e au Soudan avec 16 \u00e9quipes cette fois, s\u2019est \u00e9galement d\u00e9roul\u00e9e en l\u2019absence de la s\u00e9lection marocaine, dirig\u00e9e \u00e0 l\u2019\u00e9poque par Mustapha El Haddaoui, et qui a \u00e9t\u00e9 \u00e9limin\u00e9e par la Tunisie suite \u00e0 son nul (2-2) en match retour au Complexe sportif Mohammed V \u00e0 Casablanca.<\/p>\n<p>Au match aller, les deux s\u00e9lections s\u2019\u00e9taient neutralis\u00e9es (1-1) au stade olympique de Sousse.<\/p>\n<p>En 2014, le Maroc s\u2019est qualifi\u00e9 pour la premi\u00e8re fois \u00e0 la phase finale du CHAN, tenue en Afrique du Sud au lieu de la Libye, qui s\u2019est d\u00e9sist\u00e9e. Men\u00e9s par le s\u00e9lectionneur national Hassan Benabicha, les Lions de l\u2019Atlas ont vu leur parcours s\u2019arr\u00eater en quart de finale face au Nigeria, apr\u00e8s leur d\u00e9faite (4-3) au terme des prolongations.<\/p>\n<p>Lors de cette \u00e9dition, la s\u00e9lection libyenne a \u00e9t\u00e9 sacr\u00e9e championne apr\u00e8s avoir battu le Ghana en finale au terme de la s\u00e9ance des tirs au but (4-3).<\/p>\n<p>Lors de l\u2019\u00e9dition 2016 organis\u00e9e au Rwanda, les hommes de M\u2019hamed Fakher, qui n\u2019ont pas pu d\u00e9passer le premier tour de la comp\u00e9tition, se contentant de la troisi\u00e8me place derri\u00e8re la C\u00f4te d\u2019Ivoire et le pays h\u00f4te, ont sign\u00e9 un nouvel \u00e9chec pour le football marocain.<\/p>\n<p>Ayant atteint la phase finale de la comp\u00e9tition apr\u00e8s avoir \u00e9limin\u00e9 l\u2019Alg\u00e9rie (3-0) au stade municipal de Berkane, lors du dernier tour des \u00e9liminatoires, la s\u00e9lection nationale fera son entr\u00e9e en lice lundi face au Togo, avant d\u2019affronter le Rwanda le 22 janvier et disputer son troisi\u00e8me match face \u00e0 l\u2019Ouganda le 26 du m\u00eame mois.<\/p>\n<p>Auteur: M&rsquo;hammed rahal<br \/>\n<a href=\"http:\/\/albayane.press.ma\/%EF%BB%BFles-lions-de-latlas-partent-a-la-defense-de-leur-titre.html\">Cliquez ici pour lire l&rsquo;article depuis sa source.<\/a><\/p>\n","protected":false},"excerpt":{"rendered":"<p>CHAN \u2013 Cameroun-2021 Par Taoufik Saoulaji- MAP La s\u00e9lection nationale des joueurs locaux, qui prendra part \u00e0 Douala \u00e0 la 6\u00e8 \u00e9dition du Championnat d\u2019Afrique des Nations (Cameroun-2021), nourrit de grandes ambitions afin de conserver son titre d\u00e9croch\u00e9 lors de la pr\u00e9c\u00e9dente \u00e9dition disput\u00e9e en 2018 au Maroc. Gonfl\u00e9s \u00e0 bloc pour leur quatri\u00e8me participation [&hellip;]<\/p>\n","protected":false},"author":1760,"featured_media":0,"comment_status":"closed","ping_status":"closed","sticky":false,"template":"","format":"standard","meta":{"fifu_image_url":"","fifu_image_alt":"","footnotes":""},"categories":[73,54],"tags":[],"class_list":["post-109494","post","type-post","status-publish","format-standard","hentry","category-actualite","category-maroc"],"_links":{"self":[{"href":"https:\/\/linitiative.ca\/International\/wp-json\/wp\/v2\/posts\/109494","targetHints":{"allow":["GET"]}}],"collection":[{"href":"https:\/\/linitiative.ca\/International\/wp-json\/wp\/v2\/posts"}],"about":[{"href":"https:\/\/linitiative.ca\/International\/wp-json\/wp\/v2\/types\/post"}],"author":[{"embeddable":true,"href":"https:\/\/linitiative.ca\/International\/wp-json\/wp\/v2\/users\/1760"}],"replies":[{"embeddable":true,"href":"https:\/\/linitiative.ca\/International\/wp-json\/wp\/v2\/comments?post=109494"}],"version-history":[{"count":0,"href":"https:\/\/linitiative.ca\/International\/wp-json\/wp\/v2\/posts\/109494\/revisions"}],"wp:attachment":[{"href":"https:\/\/linitiative.ca\/International\/wp-json\/wp\/v2\/media?parent=109494"}],"wp:term":[{"taxonomy":"category","embeddable":true,"href":"https:\/\/linitiative.ca\/International\/wp-json\/wp\/v2\/categories?post=109494"},{"taxonomy":"post_tag","embeddable":true,"href":"https:\/\/linitiative.ca\/International\/wp-json\/wp\/v2\/tags?post=109494"}],"curies":[{"name":"wp","href":"https:\/\/api.w.org\/{rel}","templated":true}]}}