{"id":109496,"date":"2021-01-18T10:01:11","date_gmt":"2021-01-18T15:01:11","guid":{"rendered":"https:\/\/linitiative.ca\/International\/%ef%bb%bfsm-le-roi-a-jete-les-bases-dun-partenariat-plus-etroit-avec-les-etats-unis\/"},"modified":"2021-01-18T10:01:11","modified_gmt":"2021-01-18T15:01:11","slug":"%ef%bb%bfsm-le-roi-a-jete-les-bases-dun-partenariat-plus-etroit-avec-les-etats-unis","status":"publish","type":"post","link":"https:\/\/linitiative.ca\/International\/%ef%bb%bfsm-le-roi-a-jete-les-bases-dun-partenariat-plus-etroit-avec-les-etats-unis\/","title":{"rendered":"\ufeffSM le Roi a jet\u00e9 les bases d\u2019un partenariat plus \u00e9troit avec les \u00c9tats-Unis"},"content":{"rendered":"<p class=\"c2\"><strong>David Fischer, ambassadeur am\u00e9ricain au Maroc<\/strong><\/p>\n<p>Sa Majest\u00e9 le Roi Mohammed VI a jet\u00e9 les fondations d\u2019un partenariat encore plus \u00e9troit avec les \u00c9tats-Unis, a affirm\u00e9, lundi \u00e0 Rabat, l\u2019ambassadeur am\u00e9ricain au Maroc, David Fischer.<\/p>\n<p>\u00abJe tiens \u00e0 remercier Sa Majest\u00e9 le Roi pour les bases qu\u2019il a jet\u00e9es pour guider l\u2019amiti\u00e9 am\u00e9ricano-marocaine vers un partenariat toujours plus \u00e9troit\u00bb, a dit lors d\u2019un point de presse M. Fischer, dont le mandat d\u2019ambassadeur au Maroc prend fin dans quelques jours.<\/p>\n<p>Le diplomate s\u2019est dit \u201chonor\u00e9\u201d d\u2019avoir servi dans un pays qu\u2019il a qualifi\u00e9 de \u201cl\u2019un des plus merveilleux, des plus beaux, des plus hospitaliers au monde\u201d, rappelant que le Royaume est, de surcro\u00eet, \u201cl\u2019un des plus importants et des plus anciens amis des \u00c9tats-Unis d\u2019Am\u00e9rique\u201d.<\/p>\n<p>L\u2019avenir du partenariat am\u00e9ricano-marocain est aujourd\u2019hui \u201cplus fort que jamais\u201d, et \u201cne peut que se renforcer davantage\u201d, s\u2019est r\u00e9joui l\u2019ambassadeur, soulignant que \u201cles relations entre les deux pays seront entre de bonnes mains\u201d.<\/p>\n<p>M. Fischer s\u2019est dit \u201c100 pour cent convaincu\u201d que la nouvelle administration du pr\u00e9sident entrant Joe Biden d\u00e9signera une personne \u201chautement qualifi\u00e9e pour occuper ce poste d\u2019ambassadeur\u201d, que les relations bilat\u00e9rales \u00abne feront que cro\u00eetre et prosp\u00e9rer ensemble comme elles l\u2019ont fait pendant plus de deux si\u00e8cles\u00a0\u00bb.<\/p>\n<p>Revenant sur le soutien US au Maroc pour faire face \u00e0 la pand\u00e9mie de Covid-19, M. Fischer a rappel\u00e9 que le gouvernement am\u00e9ricain a investi, par le biais de l\u2019Agence am\u00e9ricaine pour le d\u00e9veloppement international (USAID), \u201cplus de 9,5 millions de dollars dans la r\u00e9ponse du Maroc \u00e0 la pand\u00e9mie COVID-19\u201d.<\/p>\n<p>Sur le plan de la s\u00e9curit\u00e9, une question sur laquelle Rabat et Washington sont devenus des \u201cpartenaires encore plus proches\u201d, les deux pays ont sign\u00e9, en octobre 2020, une feuille de route de 10 ans d\u00e9finissant \u201cla coop\u00e9ration en mati\u00e8re de d\u00e9fense, symbole de notre partenariat strat\u00e9gique \u00e0 long terme\u201d, s\u2019est f\u00e9licit\u00e9 M. Fischer.<\/p>\n<p>L\u2019ambassadeur s\u2019est \u00e9galement arr\u00eat\u00e9 sur la coop\u00e9ration bilat\u00e9rale dans les domaines de l\u2019\u00e9ducation et de la culture, rappelant que les deux parties ont oeuvr\u00e9 ensemble pour pr\u00e9server \u201cle patrimoine culturel in\u00e9gal\u00e9 du Maroc\u201d, notamment la signature d\u2019un accord visant \u00e0 prot\u00e9ger \u201cles objets culturels marocains contre le vol et la contrebande\u00bb.<\/p>\n<p>\u201cLa culture marocaine est incroyablement riche, et les \u00c9tats-Unis sont fiers d\u2019aider les g\u00e9n\u00e9rations futures \u00e0 vivre l\u2019histoire culturelle du Maroc dans son int\u00e9gralit\u00e9\u201d, a dit le diplomate.<\/p>\n<p>Auteur: M&rsquo;hammed rahal<br \/>\n<a href=\"http:\/\/albayane.press.ma\/%EF%BB%BFsm-le-roi-a-jete-les-bases-dun-partenariat-plus-etroit-avec-les-etats-unis.html\">Cliquez ici pour lire l&rsquo;article depuis sa source.<\/a><\/p>\n","protected":false},"excerpt":{"rendered":"<p>David Fischer, ambassadeur am\u00e9ricain au Maroc Sa Majest\u00e9 le Roi Mohammed VI a jet\u00e9 les fondations d\u2019un partenariat encore plus \u00e9troit avec les \u00c9tats-Unis, a affirm\u00e9, lundi \u00e0 Rabat, l\u2019ambassadeur am\u00e9ricain au Maroc, David Fischer. \u00abJe tiens \u00e0 remercier Sa Majest\u00e9 le Roi pour les bases qu\u2019il a jet\u00e9es pour guider l\u2019amiti\u00e9 am\u00e9ricano-marocaine vers un [&hellip;]<\/p>\n","protected":false},"author":1760,"featured_media":0,"comment_status":"closed","ping_status":"closed","sticky":false,"template":"","format":"standard","meta":{"fifu_image_url":"","fifu_image_alt":"","footnotes":""},"categories":[73,54],"tags":[],"class_list":["post-109496","post","type-post","status-publish","format-standard","hentry","category-actualite","category-maroc"],"_links":{"self":[{"href":"https:\/\/linitiative.ca\/International\/wp-json\/wp\/v2\/posts\/109496","targetHints":{"allow":["GET"]}}],"collection":[{"href":"https:\/\/linitiative.ca\/International\/wp-json\/wp\/v2\/posts"}],"about":[{"href":"https:\/\/linitiative.ca\/International\/wp-json\/wp\/v2\/types\/post"}],"author":[{"embeddable":true,"href":"https:\/\/linitiative.ca\/International\/wp-json\/wp\/v2\/users\/1760"}],"replies":[{"embeddable":true,"href":"https:\/\/linitiative.ca\/International\/wp-json\/wp\/v2\/comments?post=109496"}],"version-history":[{"count":0,"href":"https:\/\/linitiative.ca\/International\/wp-json\/wp\/v2\/posts\/109496\/revisions"}],"wp:attachment":[{"href":"https:\/\/linitiative.ca\/International\/wp-json\/wp\/v2\/media?parent=109496"}],"wp:term":[{"taxonomy":"category","embeddable":true,"href":"https:\/\/linitiative.ca\/International\/wp-json\/wp\/v2\/categories?post=109496"},{"taxonomy":"post_tag","embeddable":true,"href":"https:\/\/linitiative.ca\/International\/wp-json\/wp\/v2\/tags?post=109496"}],"curies":[{"name":"wp","href":"https:\/\/api.w.org\/{rel}","templated":true}]}}