{"id":109497,"date":"2021-01-18T07:16:47","date_gmt":"2021-01-18T12:16:47","guid":{"rendered":"https:\/\/linitiative.ca\/International\/affaire-anged-valis-conflit-dinterets-confirme-pour-elyes-fakhfakh\/"},"modified":"2021-01-18T07:16:47","modified_gmt":"2021-01-18T12:16:47","slug":"affaire-anged-valis-conflit-dinterets-confirme-pour-elyes-fakhfakh","status":"publish","type":"post","link":"https:\/\/linitiative.ca\/International\/affaire-anged-valis-conflit-dinterets-confirme-pour-elyes-fakhfakh\/","title":{"rendered":"Affaire ANGED-VALIS : Conflit d\u2019int\u00e9r\u00eats confirm\u00e9 pour Elyes Fakhfakh"},"content":{"rendered":"<div class=\"td-post-content\">\n<h2>La Commission de la r\u00e9forme administrative, de la bonne gouvernance, de la lutte contre la corruption et du contr\u00f4le de gestion des deniers publics, au sein de l\u2019<a href=\"http:\/\/www.arp.tn\/site\/main\/AR\/index.jsp\" target=\"_blank\" rel=\"noopener noreferrer\">ARP<\/a>, a auditionn\u00e9, le 18 Janvier 2021, l\u2019autorit\u00e9 de contr\u00f4le g\u00e9n\u00e9ral des services publics. L\u2019audition a port\u00e9 sur le rapport final concernant des appels d\u2019offres entre l\u2019ANGED et la soci\u00e9t\u00e9 VALIS.<\/h2>\n<p>Lors de cette s\u00e9ance, le repr\u00e9sentant de l\u2019autorit\u00e9 de contr\u00f4le g\u00e9n\u00e9ral des services publics Yasser Toukabri, a expliqu\u00e9 que l\u2019ancien chef du gouvernement,\u00a0<a href=\"http:\/\/www.leconomistemaghrebin.com\/2021\/01\/11\/elyes-fakhfakh-audition-par-le-juge-dinstruction-du-pole-judiciaire-financier\/\" target=\"_blank\" rel=\"noopener noreferrer\">Elyes Fakhfakh<\/a>, \u00e9tait actionnaire de la soci\u00e9t\u00e9 VALIS. L\u2019autorit\u00e9, par le biais de son repr\u00e9sentant, a consid\u00e9r\u00e9 que le processus de cession de contrat \u00e0 la soci\u00e9t\u00e9 VALIS \u00e9tait lacunaire.<\/p>\n<p>Il a aussi pr\u00e9cis\u00e9 que le cahier de charge employ\u00e9 \u00e9tait entach\u00e9 de nombreuses lacunes. Il a contribu\u00e9 \u00e0 orienter les appels d\u2019offres vers certains fournisseurs, dont la soci\u00e9t\u00e9 VALIS. \u00ab\u00a0L\u2019accord conclu ne remplit pas les conditions l\u00e9gales de l\u2019obtention de l\u2019appel d\u2019offre\u00a0\u00bb a-t-il ajout\u00e9 . Ceci indique qu\u2019il y a eu un processus de favoritisme au profit de la soci\u00e9t\u00e9.<\/p>\n<p>Enfin, le repr\u00e9sentant de l\u2019autorit\u00e9 g\u00e9n\u00e9rale a estim\u00e9 que la collusion rel\u00e8ve de la responsabilit\u00e9 de nombreux acteurs. Il a inclus le minist\u00e8re de l\u2019Environnement. Ce dernier a approuv\u00e9 les rapports d\u2019examen des offres avant de les renvoyer au Comit\u00e9 supr\u00eame des approbations. \u00ab\u00a0Le comit\u00e9 n\u2019a pas rejet\u00e9 l\u2019offre de VALIS m\u00eame si elle n\u2019est pas conforme aux termes de r\u00e9f\u00e9rence\u00a0\u00bb a-t-il conclu.<\/p>\n<\/div>\n<footer>\n<div class=\"td-post-source-tags\">\n<ul class=\"td-tags td-post-small-box clearfix\">\n<li>leconomistemaghrebin<\/li>\n<\/ul>\n<\/div>\n<\/footer>\n<div class=\"wp-post-author-wrap wp-post-author-shortcode left\">\n<h3 class=\"awpa-title\"\/>\n<div class=\"wp-post-author\">\n<div class=\"awpa-img awpa-author-block square\"><a href=\"http:\/\/lexpertjournal.net\/fr\/?author=5\"><img loading=\"lazy\" decoding=\"async\" alt=\"\" src=\"http:\/\/0.gravatar.com\/avatar\/97f8e10a1c1125ba104a76514ee07b16?s=150&amp;d=mm&amp;r=g\" srcset=\"http:\/\/0.gravatar.com\/avatar\/97f8e10a1c1125ba104a76514ee07b16?s=300&amp;d=mm&amp;r=g 2x\" class=\"avatar avatar-150 photo\" height=\"150\" width=\"150\"\/><\/a><\/div>\n<\/div>\n<\/div>\n<aside class=\"mashsb-container mashsb-main mashsb-stretched\">\n<\/aside>\n<p>Auteur: L&rsquo;expert<br \/>\n<a href=\"http:\/\/lexpertjournal.net\/fr\/?p=18178\">Cliquez ici pour lire l&rsquo;article depuis sa source.<\/a><\/p>\n","protected":false},"excerpt":{"rendered":"<p>La Commission de la r\u00e9forme administrative, de la bonne gouvernance, de la lutte contre la corruption et du contr\u00f4le de gestion des deniers publics, au sein de l\u2019ARP, a auditionn\u00e9, le 18 Janvier 2021, l\u2019autorit\u00e9 de contr\u00f4le g\u00e9n\u00e9ral des services publics. L\u2019audition a port\u00e9 sur le rapport final concernant des appels d\u2019offres entre l\u2019ANGED et [&hellip;]<\/p>\n","protected":false},"author":1775,"featured_media":0,"comment_status":"closed","ping_status":"closed","sticky":false,"template":"","format":"standard","meta":{"fifu_image_url":"http:\/\/0.gravatar.com\/avatar\/97f8e10a1c1125ba104a76514ee07b16?s=150&d=mm&r=g","fifu_image_alt":"Affaire ANGED-VALIS : Conflit d\u2019int\u00e9r\u00eats confirm\u00e9 pour Elyes Fakhfakh","footnotes":""},"categories":[78,55],"tags":[],"class_list":["post-109497","post","type-post","status-publish","format-standard","hentry","category-economie","category-tunisie"],"_links":{"self":[{"href":"https:\/\/linitiative.ca\/International\/wp-json\/wp\/v2\/posts\/109497","targetHints":{"allow":["GET"]}}],"collection":[{"href":"https:\/\/linitiative.ca\/International\/wp-json\/wp\/v2\/posts"}],"about":[{"href":"https:\/\/linitiative.ca\/International\/wp-json\/wp\/v2\/types\/post"}],"author":[{"embeddable":true,"href":"https:\/\/linitiative.ca\/International\/wp-json\/wp\/v2\/users\/1775"}],"replies":[{"embeddable":true,"href":"https:\/\/linitiative.ca\/International\/wp-json\/wp\/v2\/comments?post=109497"}],"version-history":[{"count":0,"href":"https:\/\/linitiative.ca\/International\/wp-json\/wp\/v2\/posts\/109497\/revisions"}],"wp:attachment":[{"href":"https:\/\/linitiative.ca\/International\/wp-json\/wp\/v2\/media?parent=109497"}],"wp:term":[{"taxonomy":"category","embeddable":true,"href":"https:\/\/linitiative.ca\/International\/wp-json\/wp\/v2\/categories?post=109497"},{"taxonomy":"post_tag","embeddable":true,"href":"https:\/\/linitiative.ca\/International\/wp-json\/wp\/v2\/tags?post=109497"}],"curies":[{"name":"wp","href":"https:\/\/api.w.org\/{rel}","templated":true}]}}