{"id":109498,"date":"2021-01-18T07:20:47","date_gmt":"2021-01-18T12:20:47","guid":{"rendered":"https:\/\/linitiative.ca\/International\/les-emeutes-nocturnes-que-pensent-les-politiciens-et-les-analystes\/"},"modified":"2021-01-18T07:20:47","modified_gmt":"2021-01-18T12:20:47","slug":"les-emeutes-nocturnes-que-pensent-les-politiciens-et-les-analystes","status":"publish","type":"post","link":"https:\/\/linitiative.ca\/International\/les-emeutes-nocturnes-que-pensent-les-politiciens-et-les-analystes\/","title":{"rendered":"Les \u00e9meutes nocturnes, que pensent les politiciens et les analystes?"},"content":{"rendered":"<h2>Les \u00e9meutes nocturnes depuis le premier jour du confinement, le 14 janvier, ont marqu\u00e9 les esprits des Tunisiens. Ils ressentent une inqui\u00e9tude entre la peur d\u2019aujourd\u2019hui et comment demain\u00a0 sera fait\u2026D\u2019ailleurs, un grand nombre de dirigeants et d\u2019analystes politiques ont livr\u00e9 leur point de vue vis-\u00e0-vis de la situation actuelle. En somme, il semble que dix ans apr\u00e8s, on assiste \u00e0 un remake des \u00e9v\u00e9nements du 14 janvier 2011\u2026<\/h2>\n<p>De ce fait, les \u00e9meutes nocturnes \u00e9taient marqu\u00e9es par des violences dans plusieurs villes de Tunisie, rappelant ainsi les \u00e9v\u00e9nements de d\u00e9cembre 2010 et janvier 2011, mais cette fois-ci \u00ab\u00a0avec leur lot de jeunes d\u00e9soeuvr\u00e9s et d\u00e9sesp\u00e9r\u00e9s, des v\u00e9hicules myst\u00e9rieux qui distribuent des pneus et des billets de banques en plus d\u2019autres substances psychotropes\u201d, souligne pour sa part Elyes Kasri,\u00a0ancien ambassadeur de Tunisie au Japon, en Allemagne et a\u0300 Se\u0301oul, via son post. Tout en d\u00e9clarant: \u00ab\u00a0Il ne reste plus au sc\u00e9nario funeste de 2010-2011 que les tireurs d\u2019\u00e9lite qui demeurent, apr\u00e8s dix ans, un myst\u00e8re imp\u00e9n\u00e9trable.\u00a0Ces jeunes insoumis que beaucoup qualifient de d\u00e9linquants et de brigands, deviendront-ils comme leurs pr\u00e9d\u00e9cesseurs des h\u00e9ros et martyrs de la prochaine \u00ab\u00a0r\u00e9volution\u00a0\u00bb exigeant des centaines de millions de d\u00e9dommagement \u00e0 faire assumer par le pauvre contribuable qui a \u00e9t\u00e9 d\u00e9j\u00e0 saign\u00e9 \u00e0 blanc par une d\u00e9cennie de gouvernance catastrophique, de pillage \u00e9conomique et de compensations\u00a0 qui consid\u00e8rent la Tunisie comme un butin de guerre?\u201d<\/p>\n<h2>\u00a0Dix ans apr\u00e8s !<\/h2>\n<p>Par ailleurs, il a \u00e9galement ajout\u00e9\u00a0 dans une d\u00e9claration \u00e0 leconomistemaghrebin.com: \u00ab\u00a0Tant que nous n\u2019aurons pas \u00e9lucid\u00e9 le myst\u00e8re des tireurs d\u2019\u00e9lite de 2011 et tra\u00een\u00e9 en justice leurs commanditaires, nous risquons d\u2019\u00eatre confront\u00e9s \u00e0 la r\u00e9\u00e9dition de ce sc\u00e9nario macabre apr\u00e8s dix ans.\u00a0\u00bb<\/p>\n<p>De son c\u00f4t\u00e9, Ghazi Chaouachi, le secr\u00e9taire g\u00e9n\u00e9ral du Courant D\u00e9mocrate souligne via un post: \u00ab\u00a0Les manifestations accompagn\u00e9es par des actes de vandalisme, d\u2019attaques contre les biens publics et priv\u00e9s,que ce soit de jour ou de nuit, repr\u00e9sentent non seulement un crime puni par la loi, mais aussi un acte terroriste \u00e0 l\u2019encontre du pays et de ses citoyens.\u00a0\u00bb<\/p>\n<h2>Abdellatif Mekki: \u00ab\u00a0Nous devons savoir qui est derri\u00e8re le pillage et le sabotage\u00a0\u00bb<\/h2>\n<p>D\u2019ailleurs, un certain nombre de dirigeants consid\u00e8rent que les perturbations nocturnes ne sont pas anodines. Pour sa part,\u00a0 Abdellatif Mekki, ancien ministre de la Sant\u00e9, s\u2019interroge sur la nature des commanditaires. A savoir qui sont les vrais commanditaires se cachant derri\u00e8re les actes de vandalisme et de pillage des biens d\u2019autrui. En effet, il souligne via un post: \u00a0\u00bb\u00a0Nous sommes tous avec nos forces de s\u00e9curit\u00e9 qui ne font qu\u2019appliquer la loi et prot\u00e9ger la vie des citoyens. Aujourd\u2019hui, il est de notre devoir de savoir qui est derri\u00e8re le pillage et le sabotage.\u00a0\u00bb<\/p>\n<p>Toutefois, Radhouane Masmoudi,\u00a0pr\u00e9sident du Centre d\u2019Etudes sur l\u2019Islam et la D\u00e9mocratie et connu pour sa proximit\u00e9 avec le mouvement Ennahdha,\u00a0\u00a0a adress\u00e9 un message au pr\u00e9sident de la R\u00e9publique. Il d\u00e9clare via son post: \u00ab\u00a0Le pr\u00e9sident Ka\u00efs Sa\u00efed doit d\u00e9noncer la violence et le chaos. Il doit d\u00e9savouer les pages qui incitent \u00e0 la violence, au sabotage et au pillage nocturne. Sinon le Parlement doit prendre les mesures n\u00e9cessaires pour l\u2019isoler, comme le Congr\u00e8s am\u00e9ricain l\u2019a fait avec Trump. D\u00e9noncer la violence est un devoir.\u00a0\u00bb<\/p>\n<h2>Pourquoi ces \u00e9meutes ?<\/h2>\n<p>Par ailleurs, Mohamed Abbou, ancien secr\u00e9taire g\u00e9n\u00e9ral du Courant D\u00e9mocrate revient sur les mouvements qui doivent, selon lui, \u00eatre pacifiques. Il pr\u00e9cise : \u00ab\u00a0Pour votre information, les avocats le 14 janvier 2011 ont envoy\u00e9 des messages aux forces de s\u00e9curit\u00e9. Ils voulaient signifie que la bataille avec Ben Ali n\u2019est pas avec eux. D\u2019ailleurs, ce jour,\u00a0 les avocats\u00a0 ont emp\u00each\u00e9 les jeunes de pousser la porte du minist\u00e8re pour y entrer. Et j\u2019ajouterai que seuls les mouvements pacifiques portent leurs fruits. Rappelons-nous que c\u2019est la classe moyenne et celle des pauvres\u00a0 qui ont conduit \u00e0 cette r\u00e9volution de 2011. Ce qui a conduit \u00e0 une r\u00e9volution des bless\u00e9s et des martyrs.\u00a0\u00bb<\/p>\n<p>Par ailleurs, pour revenir aux faits des quatre jours, le porte-parole du\u00a0<a href=\"https:\/\/www.facebook.com\/ministere.interieur.tunisie\">minist\u00e8re de l\u2019Int\u00e9rieur<\/a>\u00a0Khaled Lahyouni n\u2019a pas manqu\u00e9 de rappeler le nombre des arrestations tout le long des quatre jours sur les ondes de Mosa\u00efque fm, en soulignant que le nombre d\u2019arrestations s\u2019\u00e9l\u00e8ve \u00e0\u00a0632 arrestations dont l\u2019\u00e2ge varie entre 15 et 25 ans. Tout en insistant sur le droit des manifestations qui doit \u00eatre pacifique et doit se faire dans la journ\u00e9e et\u00a0non dans la nuit\u00a0 face \u00e0 une situation sanitaire chaotique\u00a0\u00bb.<\/p>\n<p>leconomistemaghrebin<\/p>\n<div class=\"wp-post-author-wrap wp-post-author-shortcode left\">\n<h3 class=\"awpa-title\"\/>\n<div class=\"wp-post-author\">\n<div class=\"awpa-img awpa-author-block square\"><a href=\"http:\/\/lexpertjournal.net\/fr\/?author=5\"><img loading=\"lazy\" decoding=\"async\" alt=\"\" src=\"http:\/\/0.gravatar.com\/avatar\/97f8e10a1c1125ba104a76514ee07b16?s=150&amp;d=mm&amp;r=g\" srcset=\"http:\/\/0.gravatar.com\/avatar\/97f8e10a1c1125ba104a76514ee07b16?s=300&amp;d=mm&amp;r=g 2x\" class=\"avatar avatar-150 photo\" height=\"150\" width=\"150\"\/><\/a><\/div>\n<\/div>\n<\/div>\n<aside class=\"mashsb-container mashsb-main mashsb-stretched\">\n<\/aside>\n<p>Auteur: L&rsquo;expert<br \/>\n<a href=\"http:\/\/lexpertjournal.net\/fr\/?p=18181\">Cliquez ici pour lire l&rsquo;article depuis sa source.<\/a><\/p>\n","protected":false},"excerpt":{"rendered":"<p>Les \u00e9meutes nocturnes depuis le premier jour du confinement, le 14 janvier, ont marqu\u00e9 les esprits des Tunisiens. Ils ressentent une inqui\u00e9tude entre la peur d\u2019aujourd\u2019hui et comment demain\u00a0 sera fait\u2026D\u2019ailleurs, un grand nombre de dirigeants et d\u2019analystes politiques ont livr\u00e9 leur point de vue vis-\u00e0-vis de la situation actuelle. En somme, il semble que [&hellip;]<\/p>\n","protected":false},"author":1775,"featured_media":0,"comment_status":"closed","ping_status":"closed","sticky":false,"template":"","format":"standard","meta":{"fifu_image_url":"http:\/\/0.gravatar.com\/avatar\/97f8e10a1c1125ba104a76514ee07b16?s=150&d=mm&r=g","fifu_image_alt":"Les \u00e9meutes nocturnes, que pensent les politiciens et les analystes?","footnotes":""},"categories":[78,55],"tags":[],"class_list":["post-109498","post","type-post","status-publish","format-standard","hentry","category-economie","category-tunisie"],"_links":{"self":[{"href":"https:\/\/linitiative.ca\/International\/wp-json\/wp\/v2\/posts\/109498","targetHints":{"allow":["GET"]}}],"collection":[{"href":"https:\/\/linitiative.ca\/International\/wp-json\/wp\/v2\/posts"}],"about":[{"href":"https:\/\/linitiative.ca\/International\/wp-json\/wp\/v2\/types\/post"}],"author":[{"embeddable":true,"href":"https:\/\/linitiative.ca\/International\/wp-json\/wp\/v2\/users\/1775"}],"replies":[{"embeddable":true,"href":"https:\/\/linitiative.ca\/International\/wp-json\/wp\/v2\/comments?post=109498"}],"version-history":[{"count":0,"href":"https:\/\/linitiative.ca\/International\/wp-json\/wp\/v2\/posts\/109498\/revisions"}],"wp:attachment":[{"href":"https:\/\/linitiative.ca\/International\/wp-json\/wp\/v2\/media?parent=109498"}],"wp:term":[{"taxonomy":"category","embeddable":true,"href":"https:\/\/linitiative.ca\/International\/wp-json\/wp\/v2\/categories?post=109498"},{"taxonomy":"post_tag","embeddable":true,"href":"https:\/\/linitiative.ca\/International\/wp-json\/wp\/v2\/tags?post=109498"}],"curies":[{"name":"wp","href":"https:\/\/api.w.org\/{rel}","templated":true}]}}