{"id":109501,"date":"2021-01-18T07:31:33","date_gmt":"2021-01-18T12:31:33","guid":{"rendered":"https:\/\/linitiative.ca\/International\/le-president-de-la-fifa-soutient-le-redemarrage-du-football-africain-au-cameroun\/"},"modified":"2021-01-18T07:31:33","modified_gmt":"2021-01-18T12:31:33","slug":"le-president-de-la-fifa-soutient-le-redemarrage-du-football-africain-au-cameroun","status":"publish","type":"post","link":"https:\/\/linitiative.ca\/International\/le-president-de-la-fifa-soutient-le-redemarrage-du-football-africain-au-cameroun\/","title":{"rendered":"Le Pr\u00e9sident de la FIFA soutient le red\u00e9marrage du football africain au Cameroun"},"content":{"rendered":"<table class=\"c2\">\n<tbody>\n<tr>\n<td><strong><em>Gianni Infantino revient d\u2019une visite de deux jours au Cameroun<\/em><\/strong><\/td>\n<\/tr>\n<tr>\n<td>YAOUNDE, Cameroun, 18 janvier 2021\/ \u2014 Le Pr\u00e9sident de la FIFA (<a href=\"http:\/\/www.fifa.com\/\" data-saferedirecturl=\"https:\/\/www.google.com\/url?q=http:\/\/www.FIFA.com&amp;source=gmail&amp;ust=1611059329774000&amp;usg=AFQjCNFKsWQefYwvVf0kfoYAXVXX510WGQ\">www.FIFA.com<\/a>) Gianni Infantino revient d\u2019une visite de deux jours au Cameroun. Ce d\u00e9placement lui a permis de rencontrer des personnalit\u00e9s importantes du pays, ainsi que les principaux dirigeants de la Conf\u00e9d\u00e9ration Africaine de Football (CAF) et de la F\u00e9d\u00e9ration camerounaise de football (Fecafoot). Cette visite co\u00efncidait en outre avec le coup d\u2019envoi du Championnat d\u2019Afrique des Nations (CHAN), disput\u00e9 du 16 janvier au 7 f\u00e9vrier 2021 dans trois villes camerounaises.<\/p>\n<p>Vendredi, le Pr\u00e9sident de la FIFA a \u00e9t\u00e9 re\u00e7u en audience priv\u00e9e par Paul Biya, le pr\u00e9sident de la R\u00e9publique du Cameroun, au palais de l\u2019Unit\u00e9 de Yaound\u00e9. Dans la foul\u00e9e, il a assist\u00e9 \u00e0 une c\u00e9r\u00e9monie au cours de laquelle Issa Hayatou a \u00e9t\u00e9 fait pr\u00e9sident d\u2019honneur de la CAF, apr\u00e8s avoir dirig\u00e9 l\u2019institution de 1988 \u00e0 2017.<\/p>\n<p>\u00ab\u00a0J\u2019ai eu le plaisir d\u2019informer le pr\u00e9sident Biya du r\u00f4le tenu par la FIFA dans la relance du football non seulement au Cameroun, mais aussi dans toute l\u2019Afrique et dans le monde\u00a0\u00bb, a d\u00e9clar\u00e9 le Pr\u00e9sident de la FIFA, accompagn\u00e9 pour l\u2019occasion du pr\u00e9sident de la CAF, Constant Omari. Par la suite, Gianni Infantino a rencontr\u00e9 le Premier Ministre camerounais Joseph Ngute.<\/p>\n<p>\u00ab\u00a0Durant nos \u00e9changes avec les dirigeants de la CAF et de la Fecafoot, j\u2019ai pu mesurer \u00e0 quel point il \u00e9tait important que la FIFA t\u00e9moigne de son soutien au football au Cameroun et \u00e0 tout le continent africain. La p\u00e9riode est cruciale car le Championnat d\u2019Afrique des Nations, la premi\u00e8re comp\u00e9tition internationale de l\u2019ann\u00e9e 2021, vient de d\u00e9buter. Les spectateurs ont la possibilit\u00e9 d\u2019assister aux matches, dans le respect des mesures de s\u00e9curit\u00e9 que nous avons adopt\u00e9es\u00a0\u00bb, a ajout\u00e9 le Pr\u00e9sident Infantino. \u00ab\u00a0La reprise de la comp\u00e9tition en Afrique, et notamment dans un grand pays de football comme le Cameroun, est un message positif adress\u00e9 \u00e0 l\u2019ensemble de la communaut\u00e9.\u00a0\u00bb<\/p>\n<p>Avant de partir, Gianni Infantino a assist\u00e9 \u00e0 la c\u00e9r\u00e9monie d\u2019ouverture et au match d\u2019ouverture du CHAN au stade Ahmadou Ahidjo de Yaound\u00e9, qui a vu le Cameroun s\u2019imposer face au Zimbabwe. En tout, 16 \u00e9quipes nationales africaines participent \u00e0 la sixi\u00e8me \u00e9dition du Championnat d\u2019Afrique des Nations, une comp\u00e9tition biennale r\u00e9serv\u00e9e aux joueurs \u00e9voluant dans leurs championnats nationaux respectifs.<\/p>\n<p>Ce tournoi a, par ailleurs, b\u00e9n\u00e9fici\u00e9 du soutien de la FIFA. En effet, depuis octobre 2020, la CAF utilise la subvention du fonds de soutien Covid de la FIFA (2 millions d\u2019USD) pour relancer ses comp\u00e9titions. Les proc\u00e9dures m\u00e9dicales, les vols et l\u2019h\u00e9bergement du CHAN ont \u00e9t\u00e9 financ\u00e9s de cette fa\u00e7on.<\/p>\n<p><em>Distribu\u00e9 par\u00a0<a href=\"https:\/\/apo-opa.com\/\" data-saferedirecturl=\"https:\/\/www.google.com\/url?q=https:\/\/apo-opa.com&amp;source=gmail&amp;ust=1611059329774000&amp;usg=AFQjCNEYRCNARrNHPlhrVpXAD3CQiO1Xjg\">APO Group<\/a>\u00a0pour F\u00e9d\u00e9ration internationale de football association (FIFA).<\/em><\/p>\n<p class=\"c1\"><strong>SOURCE<\/strong><br \/>F\u00e9d\u00e9ration internationale de football association (FIFA)<\/p>\n<\/td>\n<\/tr>\n<\/tbody>\n<\/table>\n<div class=\"wp-post-author-wrap wp-post-author-shortcode left\">\n<h3 class=\"awpa-title\"\/>\n<div class=\"wp-post-author\">\n<div class=\"awpa-img awpa-author-block square\"><a href=\"http:\/\/lexpertjournal.net\/fr\/?author=5\"><img loading=\"lazy\" decoding=\"async\" alt=\"\" src=\"http:\/\/0.gravatar.com\/avatar\/97f8e10a1c1125ba104a76514ee07b16?s=150&amp;d=mm&amp;r=g\" srcset=\"http:\/\/0.gravatar.com\/avatar\/97f8e10a1c1125ba104a76514ee07b16?s=300&amp;d=mm&amp;r=g 2x\" class=\"avatar avatar-150 photo\" height=\"150\" width=\"150\"\/><\/a><\/div>\n<\/div>\n<\/div>\n<aside class=\"mashsb-container mashsb-main mashsb-stretched\">\n<\/aside>\n<p>Auteur: L&rsquo;expert<br \/>\n<a href=\"http:\/\/lexpertjournal.net\/fr\/?p=18190\">Cliquez ici pour lire l&rsquo;article depuis sa source.<\/a><\/p>\n","protected":false},"excerpt":{"rendered":"<p>Gianni Infantino revient d\u2019une visite de deux jours au Cameroun YAOUNDE, Cameroun, 18 janvier 2021\/ \u2014 Le Pr\u00e9sident de la FIFA (www.FIFA.com) Gianni Infantino revient d\u2019une visite de deux jours au Cameroun. Ce d\u00e9placement lui a permis de rencontrer des personnalit\u00e9s importantes du pays, ainsi que les principaux dirigeants de la Conf\u00e9d\u00e9ration Africaine de Football [&hellip;]<\/p>\n","protected":false},"author":1775,"featured_media":0,"comment_status":"closed","ping_status":"closed","sticky":false,"template":"","format":"standard","meta":{"fifu_image_url":"http:\/\/0.gravatar.com\/avatar\/97f8e10a1c1125ba104a76514ee07b16?s=150&d=mm&r=g","fifu_image_alt":"Le Pr\u00e9sident de la FIFA soutient le red\u00e9marrage du football africain au Cameroun","footnotes":""},"categories":[78,55],"tags":[],"class_list":["post-109501","post","type-post","status-publish","format-standard","hentry","category-economie","category-tunisie"],"_links":{"self":[{"href":"https:\/\/linitiative.ca\/International\/wp-json\/wp\/v2\/posts\/109501","targetHints":{"allow":["GET"]}}],"collection":[{"href":"https:\/\/linitiative.ca\/International\/wp-json\/wp\/v2\/posts"}],"about":[{"href":"https:\/\/linitiative.ca\/International\/wp-json\/wp\/v2\/types\/post"}],"author":[{"embeddable":true,"href":"https:\/\/linitiative.ca\/International\/wp-json\/wp\/v2\/users\/1775"}],"replies":[{"embeddable":true,"href":"https:\/\/linitiative.ca\/International\/wp-json\/wp\/v2\/comments?post=109501"}],"version-history":[{"count":0,"href":"https:\/\/linitiative.ca\/International\/wp-json\/wp\/v2\/posts\/109501\/revisions"}],"wp:attachment":[{"href":"https:\/\/linitiative.ca\/International\/wp-json\/wp\/v2\/media?parent=109501"}],"wp:term":[{"taxonomy":"category","embeddable":true,"href":"https:\/\/linitiative.ca\/International\/wp-json\/wp\/v2\/categories?post=109501"},{"taxonomy":"post_tag","embeddable":true,"href":"https:\/\/linitiative.ca\/International\/wp-json\/wp\/v2\/tags?post=109501"}],"curies":[{"name":"wp","href":"https:\/\/api.w.org\/{rel}","templated":true}]}}