{"id":109504,"date":"2021-01-18T06:40:00","date_gmt":"2021-01-18T11:40:00","guid":{"rendered":"https:\/\/linitiative.ca\/International\/600-arrestations-larmee-en-renfort-apres-des-emeutes\/"},"modified":"2021-01-18T06:40:00","modified_gmt":"2021-01-18T11:40:00","slug":"600-arrestations-larmee-en-renfort-apres-des-emeutes","status":"publish","type":"post","link":"https:\/\/linitiative.ca\/International\/600-arrestations-larmee-en-renfort-apres-des-emeutes\/","title":{"rendered":"600 arrestations, l&rsquo;arm\u00e9e en renfort apr\u00e8s des \u00e9meutes"},"content":{"rendered":"<div id=\"originalText\" readability=\"41\">\n<p class=\"c6\">Plus de 600 personnes ont \u00e9t\u00e9 arr\u00eat\u00e9es apr\u00e8s une troisi\u00e8me nuit d&rsquo;\u00e9meutes dans de nombreuses villes de Tunisie, a indiqu\u00e9 le minist\u00e8re de l&rsquo;Int\u00e9rieur lundi.<\/p>\n<p class=\"c6\">Le porte-parole du minist\u00e8re Khaled Hayouni a fait \u00e9tat de 632 arrestations, \u00e9voquant des groupes de personnes entre 15 et 25 ans qui ont \u00ab\u00a0br\u00fbl\u00e9 des pneus et des poubelles afin d&rsquo;entraver les mouvements des forces de s\u00e9curit\u00e9\u00a0\u00bb, en d\u00e9pit d&rsquo;un couvre-feu impos\u00e9 pour lutter contre le nouveau coronavirus dans un pays plong\u00e9 dans une crise politique et \u00e9conomique.<\/p>\n<p class=\"c7\"><strong>AFP<\/strong><\/p>\n<\/div>\n<div id=\"text_core\" readability=\"41\">\n<p class=\"c6\">Plus de 600 personnes ont \u00e9t\u00e9 arr\u00eat\u00e9es apr\u00e8s une troisi\u00e8me nuit d&rsquo;\u00e9meutes dans de nombreuses villes de Tunisie, a indiqu\u00e9 le minist\u00e8re de l&rsquo;Int\u00e9rieur lundi.<\/p>\n<p class=\"c6\">Le porte-parole du minist\u00e8re Khaled Hayouni a fait \u00e9tat de 632 arrestations, \u00e9voquant des groupes de personnes entre 15 et 25 ans qui ont \u00ab\u00a0br\u00fbl\u00e9 des pneus et des poubelles afin d&rsquo;entraver les mouvements des forces de s\u00e9curit\u00e9\u00a0\u00bb, en d\u00e9pit d&rsquo;un couvre-feu impos\u00e9 pour lutter contre le nouveau coronavirus dans un pays plong\u00e9 dans une crise politique et \u00e9conomique.<\/p>\n<p class=\"c7\"><strong>AFP<\/strong><\/p>\n<\/div>\n<p>Auteur:<br \/>\n<a href=\"https:\/\/www.liberte-algerie.com\/international\/600-arrestations-larmee-en-renfort-apres-des-emeutes-352631\">Cliquez ici pour lire l&rsquo;article depuis sa source.<\/a><\/p>\n","protected":false},"excerpt":{"rendered":"<p>Plus de 600 personnes ont \u00e9t\u00e9 arr\u00eat\u00e9es apr\u00e8s une troisi\u00e8me nuit d&rsquo;\u00e9meutes dans de nombreuses villes de Tunisie, a indiqu\u00e9 le minist\u00e8re de l&rsquo;Int\u00e9rieur lundi. Le porte-parole du minist\u00e8re Khaled Hayouni a fait \u00e9tat de 632 arrestations, \u00e9voquant des groupes de personnes entre 15 et 25 ans qui ont \u00ab\u00a0br\u00fbl\u00e9 des pneus et des poubelles [&hellip;]<\/p>\n","protected":false},"author":1742,"featured_media":0,"comment_status":"closed","ping_status":"closed","sticky":false,"template":"","format":"standard","meta":{"fifu_image_url":"","fifu_image_alt":"","footnotes":""},"categories":[73,53],"tags":[],"class_list":["post-109504","post","type-post","status-publish","format-standard","hentry","category-actualite","category-algerie"],"_links":{"self":[{"href":"https:\/\/linitiative.ca\/International\/wp-json\/wp\/v2\/posts\/109504","targetHints":{"allow":["GET"]}}],"collection":[{"href":"https:\/\/linitiative.ca\/International\/wp-json\/wp\/v2\/posts"}],"about":[{"href":"https:\/\/linitiative.ca\/International\/wp-json\/wp\/v2\/types\/post"}],"author":[{"embeddable":true,"href":"https:\/\/linitiative.ca\/International\/wp-json\/wp\/v2\/users\/1742"}],"replies":[{"embeddable":true,"href":"https:\/\/linitiative.ca\/International\/wp-json\/wp\/v2\/comments?post=109504"}],"version-history":[{"count":0,"href":"https:\/\/linitiative.ca\/International\/wp-json\/wp\/v2\/posts\/109504\/revisions"}],"wp:attachment":[{"href":"https:\/\/linitiative.ca\/International\/wp-json\/wp\/v2\/media?parent=109504"}],"wp:term":[{"taxonomy":"category","embeddable":true,"href":"https:\/\/linitiative.ca\/International\/wp-json\/wp\/v2\/categories?post=109504"},{"taxonomy":"post_tag","embeddable":true,"href":"https:\/\/linitiative.ca\/International\/wp-json\/wp\/v2\/tags?post=109504"}],"curies":[{"name":"wp","href":"https:\/\/api.w.org\/{rel}","templated":true}]}}