{"id":109505,"date":"2021-01-18T07:00:00","date_gmt":"2021-01-18T12:00:00","guid":{"rendered":"https:\/\/linitiative.ca\/International\/relaxe-pour-onze-hirakistes-et-deux-journalistes-a-oran\/"},"modified":"2021-01-18T07:00:00","modified_gmt":"2021-01-18T12:00:00","slug":"relaxe-pour-onze-hirakistes-et-deux-journalistes-a-oran","status":"publish","type":"post","link":"https:\/\/linitiative.ca\/International\/relaxe-pour-onze-hirakistes-et-deux-journalistes-a-oran\/","title":{"rendered":"Relaxe pour onze hirakistes et deux journalistes \u00e0 Oran"},"content":{"rendered":"<div id=\"originalText\" readability=\"54\">\n<p>Les 11 hirakistes et deux journalistes poursuivis \u00e0 Oran pour \u00abtentative de perturbation d\u2019un rassemblement autoris\u00e9\u00bb, \u00abtrouble \u00e0 l\u2019ordre public\u00bb et \u00abattroupement non arm\u00e9\u00bb, ont \u00e9t\u00e9 relax\u00e9s, ce lundi, par le tribunal correctionnel de Fellaoucene.<\/p>\n<p>Abdelhadi Abbes, Tadjeddine Abdelatif Kaddour Chouicha, Sa\u00efd Kacem et les autres accus\u00e9s encouraient la peine de six de prison ferme, de m\u00eame que J. Loukil du quotidien Libert\u00e9 et N. Guellil d\u2019El Moudjtamaa, journalistes pourtant missionn\u00e9s pour la couverture du meeting de Abdelaziz Bela\u00efd.<\/p>\n<p>Les pr\u00e9venus avaient \u00e9t\u00e9 interpell\u00e9s le vendredi 22 novembre 2019 \u00e0 l\u2019occasion d\u2019un sit-in de protestation contre le rassemblement populaire que le candidat Bela\u00efd devait animer \u00e0 la salle omnisports de M\u00e9dioni. Emp\u00each\u00e9s dans un premier temps d\u2019approcher de la salle, les hirakistes ont \u00e9t\u00e9 brutalement arr\u00eat\u00e9s quelques dizaines de m\u00e8tres plus loin et conduits au si\u00e8ge de la s\u00fbret\u00e9 de la wilaya o\u00f9 ils ont \u00e9t\u00e9 retenus jusque tard dans la nuit. Les journalistes ont \u00e9t\u00e9 interdits d\u2019acc\u00e8s au meeting avant d\u2019\u00eatre \u00e9galement interpell\u00e9s aux c\u00f4t\u00e9s des manifestants.<\/p>\n<p class=\"c6\"><strong>S. Ould Ali pour R\u00e9daction Web\u00a0<\/strong><\/p>\n<\/div>\n<div id=\"text_core\" readability=\"54\">\n<p>Les 11 hirakistes et deux journalistes poursuivis \u00e0 Oran pour \u00abtentative de perturbation d\u2019un rassemblement autoris\u00e9\u00bb, \u00abtrouble \u00e0 l\u2019ordre public\u00bb et \u00abattroupement non arm\u00e9\u00bb, ont \u00e9t\u00e9 relax\u00e9s, ce lundi, par le tribunal correctionnel de Fellaoucene.<\/p>\n<p>Abdelhadi Abbes, Tadjeddine Abdelatif Kaddour Chouicha, Sa\u00efd Kacem et les autres accus\u00e9s encouraient la peine de six de prison ferme, de m\u00eame que J. Loukil du quotidien Libert\u00e9 et N. Guellil d\u2019El Moudjtamaa, journalistes pourtant missionn\u00e9s pour la couverture du meeting de Abdelaziz Bela\u00efd.<\/p>\n<p>Les pr\u00e9venus avaient \u00e9t\u00e9 interpell\u00e9s le vendredi 22 novembre 2019 \u00e0 l\u2019occasion d\u2019un sit-in de protestation contre le rassemblement populaire que le candidat Bela\u00efd devait animer \u00e0 la salle omnisports de M\u00e9dioni. Emp\u00each\u00e9s dans un premier temps d\u2019approcher de la salle, les hirakistes ont \u00e9t\u00e9 brutalement arr\u00eat\u00e9s quelques dizaines de m\u00e8tres plus loin et conduits au si\u00e8ge de la s\u00fbret\u00e9 de la wilaya o\u00f9 ils ont \u00e9t\u00e9 retenus jusque tard dans la nuit. Les journalistes ont \u00e9t\u00e9 interdits d\u2019acc\u00e8s au meeting avant d\u2019\u00eatre \u00e9galement interpell\u00e9s aux c\u00f4t\u00e9s des manifestants.<\/p>\n<p class=\"c6\"><strong>S. Ould Ali pour R\u00e9daction Web\u00a0<\/strong><\/p>\n<\/div>\n<p>Auteur:<br \/>\n<a href=\"https:\/\/www.liberte-algerie.com\/actualite\/relaxe-pour-onze-hirakistes-et-deux-journalistes-a-oran-352632\">Cliquez ici pour lire l&rsquo;article depuis sa source.<\/a><\/p>\n","protected":false},"excerpt":{"rendered":"<p>Les 11 hirakistes et deux journalistes poursuivis \u00e0 Oran pour \u00abtentative de perturbation d\u2019un rassemblement autoris\u00e9\u00bb, \u00abtrouble \u00e0 l\u2019ordre public\u00bb et \u00abattroupement non arm\u00e9\u00bb, ont \u00e9t\u00e9 relax\u00e9s, ce lundi, par le tribunal correctionnel de Fellaoucene. Abdelhadi Abbes, Tadjeddine Abdelatif Kaddour Chouicha, Sa\u00efd Kacem et les autres accus\u00e9s encouraient la peine de six de prison ferme, [&hellip;]<\/p>\n","protected":false},"author":1742,"featured_media":0,"comment_status":"closed","ping_status":"closed","sticky":false,"template":"","format":"standard","meta":{"fifu_image_url":"","fifu_image_alt":"","footnotes":""},"categories":[73,53],"tags":[],"class_list":["post-109505","post","type-post","status-publish","format-standard","hentry","category-actualite","category-algerie"],"_links":{"self":[{"href":"https:\/\/linitiative.ca\/International\/wp-json\/wp\/v2\/posts\/109505","targetHints":{"allow":["GET"]}}],"collection":[{"href":"https:\/\/linitiative.ca\/International\/wp-json\/wp\/v2\/posts"}],"about":[{"href":"https:\/\/linitiative.ca\/International\/wp-json\/wp\/v2\/types\/post"}],"author":[{"embeddable":true,"href":"https:\/\/linitiative.ca\/International\/wp-json\/wp\/v2\/users\/1742"}],"replies":[{"embeddable":true,"href":"https:\/\/linitiative.ca\/International\/wp-json\/wp\/v2\/comments?post=109505"}],"version-history":[{"count":0,"href":"https:\/\/linitiative.ca\/International\/wp-json\/wp\/v2\/posts\/109505\/revisions"}],"wp:attachment":[{"href":"https:\/\/linitiative.ca\/International\/wp-json\/wp\/v2\/media?parent=109505"}],"wp:term":[{"taxonomy":"category","embeddable":true,"href":"https:\/\/linitiative.ca\/International\/wp-json\/wp\/v2\/categories?post=109505"},{"taxonomy":"post_tag","embeddable":true,"href":"https:\/\/linitiative.ca\/International\/wp-json\/wp\/v2\/tags?post=109505"}],"curies":[{"name":"wp","href":"https:\/\/api.w.org\/{rel}","templated":true}]}}