{"id":109506,"date":"2021-01-18T08:30:00","date_gmt":"2021-01-18T13:30:00","guid":{"rendered":"https:\/\/linitiative.ca\/International\/lenseignante-dalila-touat-condamnee-a-18-mois-de-prison-pour-ses-opinions\/"},"modified":"2021-01-18T08:30:00","modified_gmt":"2021-01-18T13:30:00","slug":"lenseignante-dalila-touat-condamnee-a-18-mois-de-prison-pour-ses-opinions","status":"publish","type":"post","link":"https:\/\/linitiative.ca\/International\/lenseignante-dalila-touat-condamnee-a-18-mois-de-prison-pour-ses-opinions\/","title":{"rendered":"L\u2019enseignante Dalila Touat condamn\u00e9e \u00e0 18 mois de prison pour ses opinions"},"content":{"rendered":"<div id=\"originalText\" readability=\"52\">\n<p class=\"c6\">La militante de Mostaganem, Dalila Touat, a \u00e9t\u00e9 condamn\u00e9e, ce lundi, l\u00e0 18 mois de prison ferme, par le tribunal de Mostaganem, a appris Libert\u00e9 aupr\u00e8s d&rsquo;un de ses avocats, Me Farid Khemisti. L&rsquo;enseignante de physique de 45 ans avait \u00e9t\u00e9 jug\u00e9e, la semaine pass\u00e9e, pour \u00ab\u00a0outrage \u00e0 fonctionnaires et institutions de l&rsquo;Etat\u00a0\u00bb, \u00ab\u00a0diffamation\u00a0\u00bb et \u00ab\u00a0publications portant atteinte \u00e0 l&rsquo;ordre public\u00a0\u00bb. En cause, des \u00e9crits sur les r\u00e9seaux sociaux \u00e0 travers lesquels elle exprimait, a-t-elle expliqu\u00e9 au cours du proc\u00e8s, des opinions sur la situation politique du pays et des questions d&rsquo;int\u00e9r\u00eat public.<\/p>\n<p class=\"c6\">Le procureur de la R\u00e9publique avait requis deux ans de prison ferme tandis que les avocats de la d\u00e9fense ont plaid\u00e9 la relaxe pour vice de proc\u00e9dure et absence d&rsquo;\u00e9l\u00e9ments de preuves soutenant les accusations retenues contre l&rsquo;accus\u00e9e.<\/p>\n<p class=\"c6\">\u00a0<\/p>\n<p class=\"c7\"><strong>R\u00e9daction WEB<\/strong><\/p>\n<\/div>\n<div id=\"text_core\" readability=\"52\">\n<p class=\"c6\">La militante de Mostaganem, Dalila Touat, a \u00e9t\u00e9 condamn\u00e9e, ce lundi, l\u00e0 18 mois de prison ferme, par le tribunal de Mostaganem, a appris Libert\u00e9 aupr\u00e8s d&rsquo;un de ses avocats, Me Farid Khemisti. L&rsquo;enseignante de physique de 45 ans avait \u00e9t\u00e9 jug\u00e9e, la semaine pass\u00e9e, pour \u00ab\u00a0outrage \u00e0 fonctionnaires et institutions de l&rsquo;Etat\u00a0\u00bb, \u00ab\u00a0diffamation\u00a0\u00bb et \u00ab\u00a0publications portant atteinte \u00e0 l&rsquo;ordre public\u00a0\u00bb. En cause, des \u00e9crits sur les r\u00e9seaux sociaux \u00e0 travers lesquels elle exprimait, a-t-elle expliqu\u00e9 au cours du proc\u00e8s, des opinions sur la situation politique du pays et des questions d&rsquo;int\u00e9r\u00eat public.<\/p>\n<p class=\"c6\">Le procureur de la R\u00e9publique avait requis deux ans de prison ferme tandis que les avocats de la d\u00e9fense ont plaid\u00e9 la relaxe pour vice de proc\u00e9dure et absence d&rsquo;\u00e9l\u00e9ments de preuves soutenant les accusations retenues contre l&rsquo;accus\u00e9e.<\/p>\n<p class=\"c6\">\u00a0<\/p>\n<p class=\"c7\"><strong>R\u00e9daction WEB<\/strong><\/p>\n<\/div>\n<p>Auteur:<br \/>\n<a href=\"https:\/\/www.liberte-algerie.com\/actualite\/lenseignante-dalila-touat-condamnee-a-18-mois-de-prison-pour-ses-opinions-352634\">Cliquez ici pour lire l&rsquo;article depuis sa source.<\/a><\/p>\n","protected":false},"excerpt":{"rendered":"<p>La militante de Mostaganem, Dalila Touat, a \u00e9t\u00e9 condamn\u00e9e, ce lundi, l\u00e0 18 mois de prison ferme, par le tribunal de Mostaganem, a appris Libert\u00e9 aupr\u00e8s d&rsquo;un de ses avocats, Me Farid Khemisti. L&rsquo;enseignante de physique de 45 ans avait \u00e9t\u00e9 jug\u00e9e, la semaine pass\u00e9e, pour \u00ab\u00a0outrage \u00e0 fonctionnaires et institutions de l&rsquo;Etat\u00a0\u00bb, \u00ab\u00a0diffamation\u00a0\u00bb et [&hellip;]<\/p>\n","protected":false},"author":1742,"featured_media":0,"comment_status":"closed","ping_status":"closed","sticky":false,"template":"","format":"standard","meta":{"fifu_image_url":"","fifu_image_alt":"","footnotes":""},"categories":[73,53],"tags":[],"class_list":["post-109506","post","type-post","status-publish","format-standard","hentry","category-actualite","category-algerie"],"_links":{"self":[{"href":"https:\/\/linitiative.ca\/International\/wp-json\/wp\/v2\/posts\/109506","targetHints":{"allow":["GET"]}}],"collection":[{"href":"https:\/\/linitiative.ca\/International\/wp-json\/wp\/v2\/posts"}],"about":[{"href":"https:\/\/linitiative.ca\/International\/wp-json\/wp\/v2\/types\/post"}],"author":[{"embeddable":true,"href":"https:\/\/linitiative.ca\/International\/wp-json\/wp\/v2\/users\/1742"}],"replies":[{"embeddable":true,"href":"https:\/\/linitiative.ca\/International\/wp-json\/wp\/v2\/comments?post=109506"}],"version-history":[{"count":0,"href":"https:\/\/linitiative.ca\/International\/wp-json\/wp\/v2\/posts\/109506\/revisions"}],"wp:attachment":[{"href":"https:\/\/linitiative.ca\/International\/wp-json\/wp\/v2\/media?parent=109506"}],"wp:term":[{"taxonomy":"category","embeddable":true,"href":"https:\/\/linitiative.ca\/International\/wp-json\/wp\/v2\/categories?post=109506"},{"taxonomy":"post_tag","embeddable":true,"href":"https:\/\/linitiative.ca\/International\/wp-json\/wp\/v2\/tags?post=109506"}],"curies":[{"name":"wp","href":"https:\/\/api.w.org\/{rel}","templated":true}]}}