{"id":109507,"date":"2021-01-17T17:09:47","date_gmt":"2021-01-17T22:09:47","guid":{"rendered":"https:\/\/linitiative.ca\/International\/lancement-dun-centre-dedie-aux-thematiques-des-reseaux-intelligents\/"},"modified":"2021-01-17T17:09:47","modified_gmt":"2021-01-17T22:09:47","slug":"lancement-dun-centre-dedie-aux-thematiques-des-reseaux-intelligents","status":"publish","type":"post","link":"https:\/\/linitiative.ca\/International\/lancement-dun-centre-dedie-aux-thematiques-des-reseaux-intelligents\/","title":{"rendered":"Lancement d\u2019un centre d\u00e9di\u00e9 aux th\u00e9matiques des r\u00e9seaux intelligents"},"content":{"rendered":"<p><iframe loading=\"lazy\" width=\"1170\" height=\"658\" src=\"https:\/\/www.youtube.com\/embed\/P8SpDeSdhdQ?feature=oembed\" frameborder=\"0\" allow=\"accelerometer; autoplay; clipboard-write; encrypted-media; gyroscope; picture-in-picture\" allowfullscreen=\"\">[embedded content]<\/iframe><\/p>\n<div class=\"single-post-excerpt post-excerpt-bc\" readability=\"42\">\n<p>La c\u00e9r\u00e9monie de lancement des travaux de construction d\u2019un Centre de recherche d\u00e9di\u00e9 aux th\u00e9matiques des r\u00e9seaux intelligents a eu lieu, vendredi, \u00e0 Benguerir, en pr\u00e9sence notamment du ministre de l\u2019Energie, des Mines et de l\u2019Environnement, Aziz Rabbah, et de l\u2019Ambassadeur de la R\u00e9publique de Cor\u00e9e du sud \u00e0 Rabat, Seong Deok Yun.<\/p>\n<\/div>\n<p>Auteur: Meriem IGASS<br \/>\n<a href=\"http:\/\/www.mapmarrakech.ma\/fr\/lancement-dun-centre-dedie-aux-thematiques-des-reseaux-intelligents-2\/\">Cliquez ici pour lire l&rsquo;article depuis sa source.<\/a><\/p>\n","protected":false},"excerpt":{"rendered":"<p>[embedded content] La c\u00e9r\u00e9monie de lancement des travaux de construction d\u2019un Centre de recherche d\u00e9di\u00e9 aux th\u00e9matiques des r\u00e9seaux intelligents a eu lieu, vendredi, \u00e0 Benguerir, en pr\u00e9sence notamment du ministre de l\u2019Energie, des Mines et de l\u2019Environnement, Aziz Rabbah, et de l\u2019Ambassadeur de la R\u00e9publique de Cor\u00e9e du sud \u00e0 Rabat, Seong Deok Yun. [&hellip;]<\/p>\n","protected":false},"author":1788,"featured_media":0,"comment_status":"closed","ping_status":"closed","sticky":false,"template":"","format":"standard","meta":{"fifu_image_url":"","fifu_image_alt":"","footnotes":""},"categories":[54,76],"tags":[],"class_list":["post-109507","post","type-post","status-publish","format-standard","hentry","category-maroc","category-regions"],"_links":{"self":[{"href":"https:\/\/linitiative.ca\/International\/wp-json\/wp\/v2\/posts\/109507","targetHints":{"allow":["GET"]}}],"collection":[{"href":"https:\/\/linitiative.ca\/International\/wp-json\/wp\/v2\/posts"}],"about":[{"href":"https:\/\/linitiative.ca\/International\/wp-json\/wp\/v2\/types\/post"}],"author":[{"embeddable":true,"href":"https:\/\/linitiative.ca\/International\/wp-json\/wp\/v2\/users\/1788"}],"replies":[{"embeddable":true,"href":"https:\/\/linitiative.ca\/International\/wp-json\/wp\/v2\/comments?post=109507"}],"version-history":[{"count":0,"href":"https:\/\/linitiative.ca\/International\/wp-json\/wp\/v2\/posts\/109507\/revisions"}],"wp:attachment":[{"href":"https:\/\/linitiative.ca\/International\/wp-json\/wp\/v2\/media?parent=109507"}],"wp:term":[{"taxonomy":"category","embeddable":true,"href":"https:\/\/linitiative.ca\/International\/wp-json\/wp\/v2\/categories?post=109507"},{"taxonomy":"post_tag","embeddable":true,"href":"https:\/\/linitiative.ca\/International\/wp-json\/wp\/v2\/tags?post=109507"}],"curies":[{"name":"wp","href":"https:\/\/api.w.org\/{rel}","templated":true}]}}