{"id":109508,"date":"2021-01-18T13:10:30","date_gmt":"2021-01-18T18:10:30","guid":{"rendered":"https:\/\/linitiative.ca\/International\/la-reconnaissance-us-du-sahara-est-un-developpement-naturel\/"},"modified":"2021-01-18T13:10:30","modified_gmt":"2021-01-18T18:10:30","slug":"la-reconnaissance-us-du-sahara-est-un-developpement-naturel","status":"publish","type":"post","link":"https:\/\/linitiative.ca\/International\/la-reconnaissance-us-du-sahara-est-un-developpement-naturel\/","title":{"rendered":"La reconnaissance US du Sahara est un \u00ab\u00a0d\u00e9veloppement naturel\u00a0\u00bb"},"content":{"rendered":"<div readability=\"38\">\n<p>La reconnaissance par les Etats-Unis d\u2019Am\u00e9rique de la pleine souverainet\u00e9 du Maroc sur son Sahara est un \u00ab\u00a0d\u00e9veloppement naturel\u00a0\u00bb des positions constantes des administrations US depuis le d\u00e9but des ann\u00e9es 2000, a affirm\u00e9, lundi \u00e0 Rabat, l\u2019ambassadeur am\u00e9ricain, David Fischer.<\/p>\n<\/div>\n<div readability=\"85\">\n<p>Intervenant lors d\u2019un point de presse organis\u00e9 \u00e0 la veille de la fin de son mandat au Maroc, M. Fischer a rappel\u00e9 que l\u2019administration Clinton avait enclench\u00e9 la r\u00e9flexion sur une solution, alors que l\u2019administration Obama avait commenc\u00e9 \u00e0 inclure le Sahara dans le programme d\u2019assistance au Maroc, ajoutant que la d\u00e9cision am\u00e9ricaine de reconna\u00eetre la marocanit\u00e9 du Sahara est ainsi \u00ab\u00a0un d\u00e9veloppement tout naturel\u00a0\u00bb.<\/p>\n<p>Interrog\u00e9 sur l\u2019\u00e9ventuelle position de l\u2019administration du pr\u00e9sident-\u00e9lu, Joe Biden, vis-\u00e0-vis du Sahara, M. Fischer a dit \u00eatre \u00ab\u00a0convaincu que nous en serons tous satisfaits\u00a0\u00bb.<\/p>\n<p>M. Fischer s\u2019est, par ailleurs, dit \u00ab\u00a0tr\u00e8s honor\u00e9\u00a0\u00bb d\u2019avoir \u00e9t\u00e9 le premier ambassadeur am\u00e9ricain \u00e0 visiter le Sahara marocain, apr\u00e8s que l\u2019administration US ait retrac\u00e9 la carte officielle du Royaume pour reconna\u00eetre ses \u00ab\u00a0v\u00e9ritables fronti\u00e8res\u00a0\u00bb, soulignant qu\u2019il appr\u00e9cie \u00e0 sa juste valeur \u00ab\u00a0la place sp\u00e9ciale que le Sahara occupe dans le c\u0153ur de tous les Marocains\u00a0\u00bb.<\/p>\n<p>\u00ab\u00a0Nous soutenons fortement le plan d\u2019autonomie, et nous travaillerons avec les Nations unies et toutes les parties prenantes afin d\u2019obtenir le r\u00e9sultat escompt\u00e9\u00a0\u00bb, a d\u00e9clar\u00e9 le diplomate, affirmant que \u00ab\u00a0plusieurs pays en Europe croient fermement que les Etats-Unis et l\u2019ONU finiront par trouver une solution\u00a0\u00bb \u00e0 la question du Sahara marocain.<\/p>\n<p>Il y a, cependant, un processus \u00e0 suivre pour aller de l\u2019avant, a-t-il relev\u00e9.<\/p>\n<p>Revenant sur les relations maroco-isra\u00e9liennes, M. Fischer a fait remarquer que les derniers d\u00e9veloppements dans ce sens \u00ab\u00a0sont le fruit d\u2019un travail de longue haleine\u00a0\u00bb, ajoutant que les \u00e9quipes des deux pays travaillent d\u2019arrache pied pour l\u2019ouverture des ambassades respectives des deux pays une fois les formalit\u00e9s administratives et l\u00e9gislatives remplies.<\/p>\n<p>M. Fischer a, par ailleurs, soulign\u00e9 que la question isra\u00e9lo-palestinienne doit \u00eatre abord\u00e9e \u00ab\u00a0avec beaucoup de tact\u00a0\u00bb.<\/p>\n<p>\u00ab\u00a0Tout le monde s\u2019accordent \u00e0 soutenir la r\u00e9solution \u00e0 deux Etats afin d\u2019aller de l\u2019avant. Nous sommes impatients de voir un progr\u00e8s dans ce sens, et d\u2019examiner de nouvelles id\u00e9es, et nous soutenons l\u2019Onu dans ces processus\u00a0\u00bb, a-t-il dit.<\/p>\n<\/div>\n<p>Auteur: Meriem IGASS<br \/>\n<a href=\"http:\/\/www.mapmarrakech.ma\/fr\/la-reconnaissance-us-du-sahara-est-un-developpement-naturel\/\">Cliquez ici pour lire l&rsquo;article depuis sa source.<\/a><\/p>\n","protected":false},"excerpt":{"rendered":"<p>La reconnaissance par les Etats-Unis d\u2019Am\u00e9rique de la pleine souverainet\u00e9 du Maroc sur son Sahara est un \u00ab\u00a0d\u00e9veloppement naturel\u00a0\u00bb des positions constantes des administrations US depuis le d\u00e9but des ann\u00e9es 2000, a affirm\u00e9, lundi \u00e0 Rabat, l\u2019ambassadeur am\u00e9ricain, David Fischer. Intervenant lors d\u2019un point de presse organis\u00e9 \u00e0 la veille de la fin de son [&hellip;]<\/p>\n","protected":false},"author":1788,"featured_media":0,"comment_status":"closed","ping_status":"closed","sticky":false,"template":"","format":"standard","meta":{"fifu_image_url":"","fifu_image_alt":"","footnotes":""},"categories":[54,76],"tags":[],"class_list":["post-109508","post","type-post","status-publish","format-standard","hentry","category-maroc","category-regions"],"_links":{"self":[{"href":"https:\/\/linitiative.ca\/International\/wp-json\/wp\/v2\/posts\/109508","targetHints":{"allow":["GET"]}}],"collection":[{"href":"https:\/\/linitiative.ca\/International\/wp-json\/wp\/v2\/posts"}],"about":[{"href":"https:\/\/linitiative.ca\/International\/wp-json\/wp\/v2\/types\/post"}],"author":[{"embeddable":true,"href":"https:\/\/linitiative.ca\/International\/wp-json\/wp\/v2\/users\/1788"}],"replies":[{"embeddable":true,"href":"https:\/\/linitiative.ca\/International\/wp-json\/wp\/v2\/comments?post=109508"}],"version-history":[{"count":0,"href":"https:\/\/linitiative.ca\/International\/wp-json\/wp\/v2\/posts\/109508\/revisions"}],"wp:attachment":[{"href":"https:\/\/linitiative.ca\/International\/wp-json\/wp\/v2\/media?parent=109508"}],"wp:term":[{"taxonomy":"category","embeddable":true,"href":"https:\/\/linitiative.ca\/International\/wp-json\/wp\/v2\/categories?post=109508"},{"taxonomy":"post_tag","embeddable":true,"href":"https:\/\/linitiative.ca\/International\/wp-json\/wp\/v2\/tags?post=109508"}],"curies":[{"name":"wp","href":"https:\/\/api.w.org\/{rel}","templated":true}]}}