{"id":109513,"date":"2021-01-18T14:54:13","date_gmt":"2021-01-18T19:54:13","guid":{"rendered":"https:\/\/linitiative.ca\/International\/62-des-recrues-ont-moins-de-30-ans-chez-orange\/"},"modified":"2021-01-18T14:54:13","modified_gmt":"2021-01-18T19:54:13","slug":"62-des-recrues-ont-moins-de-30-ans-chez-orange","status":"publish","type":"post","link":"https:\/\/linitiative.ca\/International\/62-des-recrues-ont-moins-de-30-ans-chez-orange\/","title":{"rendered":"62% des recrues ont moins de 30 ans chez Orange"},"content":{"rendered":"<p class=\"rtejustify\">L\u2019emploi des jeunes fait \u00e9galement partie des paris d\u2019Orange Maroc. 62% des nouvelles recrues de l\u2019op\u00e9rateur t\u00e9l\u00e9coms ont moins de 30 ans. Pour attirer les jeunes comp\u00e9tences, Orange mise, entre autres, sur l\u2019\u00e9quilibre entre vie personnelle et professionnelle, avec une flexibilit\u00e9 des horaires, des espaces de bien-\u00eatre au bureau, des sondages d\u2019\u00e9coute des suggestions des collaborateurs&#8230;<\/p>\n<p><em>A.Na<\/em><\/p>\n<p>Auteur: hlafriqi<br \/>\n<a href=\"https:\/\/www.leconomiste.com\/article\/1072080-62-des-recrues-ont-moins-de-30-ans-chez-orange\">Cliquez ici pour lire l&rsquo;article depuis sa source.<\/a><\/p>\n","protected":false},"excerpt":{"rendered":"<p>L\u2019emploi des jeunes fait \u00e9galement partie des paris d\u2019Orange Maroc. 62% des nouvelles recrues de l\u2019op\u00e9rateur t\u00e9l\u00e9coms ont moins de 30 ans. Pour attirer les jeunes comp\u00e9tences, Orange mise, entre autres, sur l\u2019\u00e9quilibre entre vie personnelle et professionnelle, avec une flexibilit\u00e9 des horaires, des espaces de bien-\u00eatre au bureau, des sondages d\u2019\u00e9coute des suggestions des [&hellip;]<\/p>\n","protected":false},"author":1763,"featured_media":0,"comment_status":"closed","ping_status":"closed","sticky":false,"template":"","format":"standard","meta":{"fifu_image_url":"","fifu_image_alt":"","footnotes":""},"categories":[78,54],"tags":[],"class_list":["post-109513","post","type-post","status-publish","format-standard","hentry","category-economie","category-maroc"],"_links":{"self":[{"href":"https:\/\/linitiative.ca\/International\/wp-json\/wp\/v2\/posts\/109513","targetHints":{"allow":["GET"]}}],"collection":[{"href":"https:\/\/linitiative.ca\/International\/wp-json\/wp\/v2\/posts"}],"about":[{"href":"https:\/\/linitiative.ca\/International\/wp-json\/wp\/v2\/types\/post"}],"author":[{"embeddable":true,"href":"https:\/\/linitiative.ca\/International\/wp-json\/wp\/v2\/users\/1763"}],"replies":[{"embeddable":true,"href":"https:\/\/linitiative.ca\/International\/wp-json\/wp\/v2\/comments?post=109513"}],"version-history":[{"count":0,"href":"https:\/\/linitiative.ca\/International\/wp-json\/wp\/v2\/posts\/109513\/revisions"}],"wp:attachment":[{"href":"https:\/\/linitiative.ca\/International\/wp-json\/wp\/v2\/media?parent=109513"}],"wp:term":[{"taxonomy":"category","embeddable":true,"href":"https:\/\/linitiative.ca\/International\/wp-json\/wp\/v2\/categories?post=109513"},{"taxonomy":"post_tag","embeddable":true,"href":"https:\/\/linitiative.ca\/International\/wp-json\/wp\/v2\/tags?post=109513"}],"curies":[{"name":"wp","href":"https:\/\/api.w.org\/{rel}","templated":true}]}}