{"id":109514,"date":"2021-01-18T14:54:15","date_gmt":"2021-01-18T19:54:15","guid":{"rendered":"https:\/\/linitiative.ca\/International\/nomination-chez-coface\/"},"modified":"2021-01-18T14:54:15","modified_gmt":"2021-01-18T19:54:15","slug":"nomination-chez-coface","status":"publish","type":"post","link":"https:\/\/linitiative.ca\/International\/nomination-chez-coface\/","title":{"rendered":"Nomination chez Coface"},"content":{"rendered":"<p class=\"rtejustify\">Le groupe Coface, annonce la nomination de Lionel Piquer au poste de directeur g\u00e9n\u00e9ral Afrique du Nord, Afrique de l\u2019Ouest et du Centre. Il sera rattach\u00e9 \u00e0 C\u00e9cile Paillard, directrice g\u00e9n\u00e9rale de la R\u00e9gion M\u00e9diterran\u00e9e et Afrique et membre du comit\u00e9 \u00e9x\u00e9cutif du Groupe Coface. Mission principale: \u00abpoursuivre et acc\u00e9l\u00e9rer la transformation des entit\u00e9s de son p\u00e9rim\u00e8tre g\u00e9ographique, en ligne avec le plan strat\u00e9gique \u00abBuild to Lead\u00bb initi\u00e9 par le Groupe en 2020\u00bb, est-il indiqu\u00e9.<\/p>\n<p><em>\u00a0 F.Z.T.<\/em><\/p>\n<p>Auteur: hlafriqi<br \/>\n<a href=\"https:\/\/www.leconomiste.com\/article\/1072081-nomination-chez-coface\">Cliquez ici pour lire l&rsquo;article depuis sa source.<\/a><\/p>\n","protected":false},"excerpt":{"rendered":"<p>Le groupe Coface, annonce la nomination de Lionel Piquer au poste de directeur g\u00e9n\u00e9ral Afrique du Nord, Afrique de l\u2019Ouest et du Centre. Il sera rattach\u00e9 \u00e0 C\u00e9cile Paillard, directrice g\u00e9n\u00e9rale de la R\u00e9gion M\u00e9diterran\u00e9e et Afrique et membre du comit\u00e9 \u00e9x\u00e9cutif du Groupe Coface. Mission principale: \u00abpoursuivre et acc\u00e9l\u00e9rer la transformation des entit\u00e9s de [&hellip;]<\/p>\n","protected":false},"author":1763,"featured_media":0,"comment_status":"closed","ping_status":"closed","sticky":false,"template":"","format":"standard","meta":{"fifu_image_url":"","fifu_image_alt":"","footnotes":""},"categories":[78,54],"tags":[],"class_list":["post-109514","post","type-post","status-publish","format-standard","hentry","category-economie","category-maroc"],"_links":{"self":[{"href":"https:\/\/linitiative.ca\/International\/wp-json\/wp\/v2\/posts\/109514","targetHints":{"allow":["GET"]}}],"collection":[{"href":"https:\/\/linitiative.ca\/International\/wp-json\/wp\/v2\/posts"}],"about":[{"href":"https:\/\/linitiative.ca\/International\/wp-json\/wp\/v2\/types\/post"}],"author":[{"embeddable":true,"href":"https:\/\/linitiative.ca\/International\/wp-json\/wp\/v2\/users\/1763"}],"replies":[{"embeddable":true,"href":"https:\/\/linitiative.ca\/International\/wp-json\/wp\/v2\/comments?post=109514"}],"version-history":[{"count":0,"href":"https:\/\/linitiative.ca\/International\/wp-json\/wp\/v2\/posts\/109514\/revisions"}],"wp:attachment":[{"href":"https:\/\/linitiative.ca\/International\/wp-json\/wp\/v2\/media?parent=109514"}],"wp:term":[{"taxonomy":"category","embeddable":true,"href":"https:\/\/linitiative.ca\/International\/wp-json\/wp\/v2\/categories?post=109514"},{"taxonomy":"post_tag","embeddable":true,"href":"https:\/\/linitiative.ca\/International\/wp-json\/wp\/v2\/tags?post=109514"}],"curies":[{"name":"wp","href":"https:\/\/api.w.org\/{rel}","templated":true}]}}