{"id":109515,"date":"2021-01-18T14:54:19","date_gmt":"2021-01-18T19:54:19","guid":{"rendered":"https:\/\/linitiative.ca\/International\/un-ancien-ministre-de-leducation-a-la-tete-de-lefi-casablanca\/"},"modified":"2021-01-18T14:54:19","modified_gmt":"2021-01-18T19:54:19","slug":"un-ancien-ministre-de-leducation-a-la-tete-de-lefi-casablanca","status":"publish","type":"post","link":"https:\/\/linitiative.ca\/International\/un-ancien-ministre-de-leducation-a-la-tete-de-lefi-casablanca\/","title":{"rendered":"Un ancien ministre de l\u2019Education \u00e0 la t\u00eate de l\u2019EFI Casablanca"},"content":{"rendered":"<p class=\"rtejustify\">Luc Chatel, ministre de l\u2019Education nationale en France entre 2009 et 2012, pr\u00e9sident du r\u00e9seau international d\u2019\u00e9tablissements scolaires fran\u00e7ais, Odyssey, a \u00e9t\u00e9 nomm\u00e9, jeudi dernier, \u00e0 la pr\u00e9sidence de l\u2019Ecole fran\u00e7aise internationale (EFI) de Casablanca. Il succ\u00e8de \u00e0 Bernard Delesalle qui rejoint le comit\u00e9 d\u2019honneur. Younes Slaoui garde son poste de DG, tandis que Cyrille Loffroy continuera d\u2019assurer sa fonction de chef d\u2019\u00e9tablissement.<\/p>\n<p class=\"rtejustify\"><em>A.Na<\/em><\/p>\n<p>Auteur: hlafriqi<br \/>\n<a href=\"https:\/\/www.leconomiste.com\/article\/1072082-un-ancien-ministre-de-l-education-la-tete-de-l-efi-casablanca\">Cliquez ici pour lire l&rsquo;article depuis sa source.<\/a><\/p>\n","protected":false},"excerpt":{"rendered":"<p>Luc Chatel, ministre de l\u2019Education nationale en France entre 2009 et 2012, pr\u00e9sident du r\u00e9seau international d\u2019\u00e9tablissements scolaires fran\u00e7ais, Odyssey, a \u00e9t\u00e9 nomm\u00e9, jeudi dernier, \u00e0 la pr\u00e9sidence de l\u2019Ecole fran\u00e7aise internationale (EFI) de Casablanca. Il succ\u00e8de \u00e0 Bernard Delesalle qui rejoint le comit\u00e9 d\u2019honneur. Younes Slaoui garde son poste de DG, tandis que Cyrille [&hellip;]<\/p>\n","protected":false},"author":1763,"featured_media":0,"comment_status":"closed","ping_status":"closed","sticky":false,"template":"","format":"standard","meta":{"fifu_image_url":"","fifu_image_alt":"","footnotes":""},"categories":[78,54],"tags":[],"class_list":["post-109515","post","type-post","status-publish","format-standard","hentry","category-economie","category-maroc"],"_links":{"self":[{"href":"https:\/\/linitiative.ca\/International\/wp-json\/wp\/v2\/posts\/109515","targetHints":{"allow":["GET"]}}],"collection":[{"href":"https:\/\/linitiative.ca\/International\/wp-json\/wp\/v2\/posts"}],"about":[{"href":"https:\/\/linitiative.ca\/International\/wp-json\/wp\/v2\/types\/post"}],"author":[{"embeddable":true,"href":"https:\/\/linitiative.ca\/International\/wp-json\/wp\/v2\/users\/1763"}],"replies":[{"embeddable":true,"href":"https:\/\/linitiative.ca\/International\/wp-json\/wp\/v2\/comments?post=109515"}],"version-history":[{"count":0,"href":"https:\/\/linitiative.ca\/International\/wp-json\/wp\/v2\/posts\/109515\/revisions"}],"wp:attachment":[{"href":"https:\/\/linitiative.ca\/International\/wp-json\/wp\/v2\/media?parent=109515"}],"wp:term":[{"taxonomy":"category","embeddable":true,"href":"https:\/\/linitiative.ca\/International\/wp-json\/wp\/v2\/categories?post=109515"},{"taxonomy":"post_tag","embeddable":true,"href":"https:\/\/linitiative.ca\/International\/wp-json\/wp\/v2\/tags?post=109515"}],"curies":[{"name":"wp","href":"https:\/\/api.w.org\/{rel}","templated":true}]}}