{"id":109516,"date":"2021-01-18T15:04:27","date_gmt":"2021-01-18T20:04:27","guid":{"rendered":"https:\/\/linitiative.ca\/International\/11-nouveaux-ministres-et-des-sueurs-froides\/"},"modified":"2021-01-18T15:04:27","modified_gmt":"2021-01-18T20:04:27","slug":"11-nouveaux-ministres-et-des-sueurs-froides","status":"publish","type":"post","link":"https:\/\/linitiative.ca\/International\/11-nouveaux-ministres-et-des-sueurs-froides\/","title":{"rendered":"11 nouveaux ministres et\u2026 des sueurs froides"},"content":{"rendered":"<p><span class=\"c3\"><span class=\"c2\"><strong><u>Le Temps \u2013 Faouzi SNOUSSI<\/u><\/strong><\/span><\/span><\/p>\n<p><span class=\"c3\"><span class=\"c2\"><strong><em>Le chef du gouvernement, Youssef M\u00e9chichi, a franchi, hier, le Rubicon et a annonc\u00e9 la nouvelle composition de son \u00e9quipe minist\u00e9rielle, avec le remplacement de certains ministres. L\u2019accouchement a \u00e9t\u00e9 difficile, surtout avec le bras-de-fer, avec le pr\u00e9sident de la R\u00e9publique qu\u2019il avait rencontr\u00e9 vendredi, apr\u00e8s-midi, et qui l\u2019a pouss\u00e9, selon les informations qui circulent, \u00e0 changer quatre noms de la liste, comme mesure de derni\u00e8re minute, pour avoir, en premi\u00e8re \u00e9tape, le feu vert de Ka\u00efs Sa\u00efed.<\/em><\/strong><\/span><\/span><\/p>\n<p><span class=\"c3\"><span class=\"c2\">M\u00e9chichi a \u00e9t\u00e9 oblig\u00e9 de faire le trap\u00e9ziste, pour atteindre son objectif et \u00ab\u00a0liquider\u00a0\u00bb les ministres du pr\u00e9sident dont certains \u2013il faut le dire- ont montr\u00e9 leurs limites et leur incapacit\u00e9 \u00e0 g\u00e9rer les portefeuilles dont ils \u00e9taient les d\u00e9positaires, sachant que le pr\u00e9sident n\u2019avait pas jou\u00e9 franc jeu, dans leurs nominations o\u00f9 il y avait une odeur de \u00ab\u00a0favoritisme\u00a0\u00bb et d\u2019all\u00e9geance flagrante.<\/span><\/span><\/p>\n<p><span class=\"c3\"><span class=\"c2\">Dans ce nouvel arrangement, il semble que le mouvement islamiste Ennahdha se replace et marque des points, en ins\u00e9rant quelques \u00ab\u00a0ministres\u00a0\u00bb qui lui appartiennent, mais pas de mani\u00e8re flagrante, surtout que les nouveaux promus sont, dans leur majorit\u00e9, ind\u00e9pendants, en quelque sorte, sauf preuve du contraire.<\/span><\/span><\/p>\n<p><span class=\"c3\"><span class=\"c2\">Le premier cabinet M\u00e9chichi n\u2019a pas fait long feu, dans une conjoncture n\u00e9cessitant une stabilit\u00e9. Il a la dur\u00e9e de vie la plus courte, par rapport aux autres gouvernements qui l\u2019avaient pr\u00e9c\u00e9d\u00e9, avec des errements et un ministre r\u00e9galien \u00e9vinc\u00e9, et un autre plac\u00e9 sous mandat de d\u00e9p\u00f4t, en plus d\u2019un troisi\u00e8me qui avait fait la fine bouche \u2013le ministre de la Culture- en agissant \u00e0 sa guise, et un quatri\u00e8me qui a marqu\u00e9 son opposition \u00e0 Hichem M\u00e9chichi.<\/span><\/span><\/p>\n<p><span class=\"c3\"><span class=\"c2\">Maintenant, l\u2019espoir est que ce nouveau cabinet minist\u00e9riel puisse travailler dans la s\u00e9r\u00e9nit\u00e9 \u2013bien s\u00fbr s\u2019il passe le cap du vote de confiance, avec une Assembl\u00e9e des repr\u00e9sentants du peuple (ARP) divis\u00e9e comme jamais.<\/span><\/span><\/p>\n<p><span class=\"c3\"><span class=\"c2\">Recevant M\u00e9chichi, le pr\u00e9sident de la R\u00e9publique a mis les points sur les i. Il a insist\u00e9 sur \u00ab\u00a0l&rsquo;imp\u00e9ratif de ne c\u00e9der \u00e0 aucune de forme de chantage\u00a0\u00bb.<\/span><\/span><\/p>\n<p><span class=\"c3\"><span class=\"c2\">\u00ab\u00a0Il a \u00e9t\u00e9 convenu que le gouvernement serait compos\u00e9 de membres dont l&rsquo;int\u00e9grit\u00e9 ne fait pas l&rsquo;ombre d&rsquo;un doute\u00a0\u00bb, lit-on dans un communiqu\u00e9 de la pr\u00e9sidence de la R\u00e9publique.<\/span><\/span><\/p>\n<p><span class=\"c3\"><span class=\"c2\">Le chef de l&rsquo;Etat a fait savoir qu&rsquo;il est \u00ab\u00a0hors de question de nommer, au sommet de l&rsquo;Etat, des personnalit\u00e9s impliqu\u00e9es dans des affaires et ce, m\u00eame si la justice ne les a pas tranch\u00e9es \u00ab\u00a0.<\/span><\/span><\/p>\n<p><span class=\"c3\"><span class=\"c2\">\u00ab\u00a0Les responsabilit\u00e9s au sein de l&rsquo;Etat exigent que le responsable ne fasse pas l&rsquo;objet de poursuites judiciaires ou de suspicions pouvant nuire \u00e0 la cr\u00e9dibilit\u00e9 de l&rsquo;Etat et ses institutions. \u00ab\u00a0, a-t-il soulign\u00e9.<\/span><\/span><\/p>\n<p><span class=\"c3\"><span class=\"c2\">Les derniers d\u00e9veloppements ne sont pas pour rendre optimiste, avec les conflits o\u00f9 les blocs parlementaires se tirent \u00e0 boulets rouges. La d\u00e9nonciation de la violence, par Rached Ghannouchi des violences commises par les membres de la Coalition Al Karama contre les d\u00e9put\u00e9s du Bloc d\u00e9mocratique est venue ajouter de l\u2019huile sur le feu et risque d\u2019\u00e9branler la Tro\u00efka sur laquelle compte M\u00e9chichi pour faire passer son gouvernement. D\u2019ailleurs, Seifeddine Makhlouf a affirm\u00e9 qu\u2019il ne votera pas pour le gouvernement, ce qui risque de diminuer ses chances de passer, si les autres blocs n\u2019acceptent pas ce remaniement.<\/span><\/span><\/p>\n<p><span class=\"c3\"><span class=\"c2\">De son c\u00f4t\u00e9, le parti Qalb Toun\u00e8s met la pression pour la lib\u00e9ration de son pr\u00e9sident, Nabil Karoui, sous mandat de d\u00e9p\u00f4t pour corruption et blanchiment d\u2019argent et la pr\u00e9sente \u2013en filigrane- comme condition pour accepter de voter pour. D\u2019ailleurs, au cours des derni\u00e8res semaines, il s\u2019est montr\u00e9 r\u00e9ticent \u00e0 tout remaniement minist\u00e9riel.<\/span><\/span><\/p>\n<p><span class=\"c3\"><span class=\"c2\">Une situation des plus incertaines, surtout que la Constitution ne pr\u00e9voit rien, au cas o\u00f9 le gouvernement M\u00e9chichi n\u2019obtient pas la confiance, et dans ce domaine, les parlementaires ont plus d\u2019un tour dans leur sac. On se demande \u00e0 qui reviendra la d\u00e9cision de choisir le prochain le prochain chef du gouvernement, si la situation capote, ni ce qu\u2019on doit faire, par la suite.<\/span><\/span><\/p>\n<p><span class=\"c3\"><span class=\"c2\">Le pays a perdu plus de cinq mois dans des querelles qui ne servent, d\u2019aucune mani\u00e8re ses int\u00e9r\u00eats et il ne peut plus supporter de perdre davantage, parce qu\u2019il y va de son avenir, dans un contexte marqu\u00e9 par un bouillonnement qui ne dit rien de bon.<\/span><\/span><\/p>\n<p class=\"c4\"><span class=\"c3\"><span class=\"c2\"><strong>F.S.<\/strong><\/span><\/span><\/p>\n<p class=\"c5\"><span class=\"c3\"><span class=\"c2\"><strong>Les nouveaux ministres<\/strong><\/span><\/span><\/p>\n<p><span class=\"c3\"><span class=\"c2\">Les nouvelles nominations concernent les portefeuilles suivants :<\/span><\/span><\/p>\n<p><span class=\"c3\"><span class=\"c2\">1 \u2013 Justice\u00a0: Youssef Zouaghi, actuel DG de la Douane, en remplacement de Mohamed Boussetta.<\/span><\/span><\/p>\n<p><span class=\"c3\"><span class=\"c2\">2 &#8211; Int\u00e9rieur : Walid Dhahbi, actuel secr\u00e9taire g\u00e9n\u00e9ral du gouvernement. Taoufik Charfeddine ancien d\u00e9tenteur du portefeuille a \u00e9t\u00e9 \u00e9vinc\u00e9, depuis un certain temps.<\/span><\/span><\/p>\n<p><span class=\"c3\"><span class=\"c2\">3 &#8211; Domaines de l\u2019Etat et Affaires fonci\u00e8res : Abdellatif Missaoui, \u00e0 la place de Leila Jaffel<\/span><\/span><\/p>\n<p><span class=\"c3\"><span class=\"c2\">4 \u2013 Industrie et PME : Ridha Ben Mosbah, \u00e0 la place de Salwa Sgaier.<\/span><\/span><\/p>\n<p><span class=\"c3\"><span class=\"c2\">5 &#8211; Energie et mines scind\u00e9 du minist\u00e8re de l\u2019Industrie : Sofiane Ben Toun\u00e8s.<\/span><\/span><\/p>\n<p><span class=\"c3\"><span class=\"c2\">6 &#8211; Environnement et d\u00e9veloppement durable : Chiheb ben Ahmed, \u00e0 la place de Mustapha Laroui.<\/span><\/span><\/p>\n<p><span class=\"c3\"><span class=\"c2\">7 &#8211; Formation professionnelle et de l\u2019Emploi : Youssef Fennira<\/span><\/span><\/p>\n<p><span class=\"c3\"><span class=\"c2\">8 \u2013 Jeunesse et Sports : Zakaria Belkhodja, en remplacement de Kamel Gueddich.<\/span><\/span><\/p>\n<p><span class=\"c3\"><span class=\"c2\">9 &#8211; Agriculture, P\u00eache et Ressources hydrauliques\u00a0: Oussama Khriji, pour remplacer Aksa Bahri<\/span><\/span><\/p>\n<p><span class=\"c3\"><span class=\"c2\">10 &#8211; Affaires culturelles : Youssef Ben Brahim, actuel chef de cabinet<\/span><\/span><\/p>\n<p><span class=\"c3\"><span class=\"c2\">11 &#8211; Sant\u00e9 : H\u00e9di Kha\u00efri, en remplacement de Fawzi Mehdi<\/span><\/span><\/p>\n<p><span class=\"c3\"><span class=\"c2\">Deux postes ont \u00e9t\u00e9 supprim\u00e9s\u00a0: celui de ministre aupr\u00e8s du chef du gouvernement charg\u00e9 des relations avec les instances constitutionnelles et la soci\u00e9t\u00e9 civile, occup\u00e9 par Thouraya Jribi, et celui de secr\u00e9taire d\u2019\u00e9tat aupr\u00e8s du ministre de l\u2019\u00e9conomie des finances et du soutien \u00e0 l\u2019investissement charg\u00e9 des finances publiques et de l\u2019investissement : Khalil Chtourou,<\/span><\/span><\/p>\n<p>Auteur: letemps1<br \/>\n<a href=\"http:\/\/www.letemps.com.tn\/article\/118970\/11-nouveaux-ministres-et%E2%80%A6-des-sueurs-froides\">Cliquez ici pour lire l&rsquo;article depuis sa source.<\/a><\/p>\n","protected":false},"excerpt":{"rendered":"<p>Le Temps \u2013 Faouzi SNOUSSI Le chef du gouvernement, Youssef M\u00e9chichi, a franchi, hier, le Rubicon et a annonc\u00e9 la nouvelle composition de son \u00e9quipe minist\u00e9rielle, avec le remplacement de certains ministres. L\u2019accouchement a \u00e9t\u00e9 difficile, surtout avec le bras-de-fer, avec le pr\u00e9sident de la R\u00e9publique qu\u2019il avait rencontr\u00e9 vendredi, apr\u00e8s-midi, et qui l\u2019a pouss\u00e9, [&hellip;]<\/p>\n","protected":false},"author":1773,"featured_media":0,"comment_status":"closed","ping_status":"closed","sticky":false,"template":"","format":"standard","meta":{"fifu_image_url":"","fifu_image_alt":"","footnotes":""},"categories":[73,55],"tags":[],"class_list":["post-109516","post","type-post","status-publish","format-standard","hentry","category-actualite","category-tunisie"],"_links":{"self":[{"href":"https:\/\/linitiative.ca\/International\/wp-json\/wp\/v2\/posts\/109516","targetHints":{"allow":["GET"]}}],"collection":[{"href":"https:\/\/linitiative.ca\/International\/wp-json\/wp\/v2\/posts"}],"about":[{"href":"https:\/\/linitiative.ca\/International\/wp-json\/wp\/v2\/types\/post"}],"author":[{"embeddable":true,"href":"https:\/\/linitiative.ca\/International\/wp-json\/wp\/v2\/users\/1773"}],"replies":[{"embeddable":true,"href":"https:\/\/linitiative.ca\/International\/wp-json\/wp\/v2\/comments?post=109516"}],"version-history":[{"count":0,"href":"https:\/\/linitiative.ca\/International\/wp-json\/wp\/v2\/posts\/109516\/revisions"}],"wp:attachment":[{"href":"https:\/\/linitiative.ca\/International\/wp-json\/wp\/v2\/media?parent=109516"}],"wp:term":[{"taxonomy":"category","embeddable":true,"href":"https:\/\/linitiative.ca\/International\/wp-json\/wp\/v2\/categories?post=109516"},{"taxonomy":"post_tag","embeddable":true,"href":"https:\/\/linitiative.ca\/International\/wp-json\/wp\/v2\/tags?post=109516"}],"curies":[{"name":"wp","href":"https:\/\/api.w.org\/{rel}","templated":true}]}}