{"id":109517,"date":"2021-01-18T15:04:29","date_gmt":"2021-01-18T20:04:29","guid":{"rendered":"https:\/\/linitiative.ca\/International\/les-harragas-shabillent-pour-lhiver\/"},"modified":"2021-01-18T15:04:29","modified_gmt":"2021-01-18T20:04:29","slug":"les-harragas-shabillent-pour-lhiver","status":"publish","type":"post","link":"https:\/\/linitiative.ca\/International\/les-harragas-shabillent-pour-lhiver\/","title":{"rendered":"Les \u00ab harragas \u00bb s\u2019habillent pour l\u2019hiver !"},"content":{"rendered":"<p><span class=\"c3\"><span class=\"c2\">En face, la Soci\u00e9t\u00e9 civile tunisienne prend plut\u00f4t au s\u00e9rieux cette probl\u00e9matique de la migration clandestine, en s\u2019effor\u00e7ant d\u2019\u00e9tudier, de d\u00e9cortiquer et d\u2019analyser les tenants et aboutissants du ph\u00e9nom\u00e8ne. D\u2019apr\u00e8s le dernier rapport du FTDES (Forum tunisien des droits \u00e9conomiques et sociaux), les vagues de migration \u00ab non-r\u00e9glementaire \u00bb se poursuivent \u00e0 des niveaux records, malgr\u00e9 la conjonction de plusieurs contraintes, notamment les conditions climatiques, la crise politique, \u00e9conomique et sociale persistante et les expulsions m\u00e9thodiques et forc\u00e9es de migrants irr\u00e9guliers de l&rsquo;Italie, et qui vont bon train malgr\u00e9 la pand\u00e9mie.<\/span><\/span><\/p>\n<p><span class=\"c3\"><span class=\"c2\">Dans ce cadre, le mois de d\u00e9cembre, note le FTDES, fait partie des mois qui connaissent, de mani\u00e8re g\u00e9n\u00e9rale, une diminution significative des vagues de migration due \u00e0 des facteurs li\u00e9s principalement au climat. Ce qui n&rsquo;a pas emp\u00each\u00e9 le mois de d\u00e9cembre dernier d&rsquo;\u00eatre \u00ab exceptionnel \u00bb par rapport \u00e0 la m\u00eame p\u00e9riode des ann\u00e9es pr\u00e9c\u00e9dentes. En effet, le nombre d&rsquo;arriv\u00e9es en Italie a augment\u00e9 de 54% et le nombre de ceux qui ont franchi et ont \u00e9t\u00e9 intercept\u00e9s a augment\u00e9 de 238% par rapport \u00e0 l&rsquo;ann\u00e9e 2018. Cette diff\u00e9rence se creuse davantage par rapport \u00e0 d\u00e9cembre 2019, o\u00f9 la migration non r\u00e9glementaire a \u00e9t\u00e9 \u00e0 son taux le plus bas. Sur le plan local, la cartographie du FTDES pour ce mois de d\u00e9cembre r\u00e9v\u00e8le que la r\u00e9gion de Sfax continue d\u2019occuper la t\u00eate du classement des r\u00e9gions concern\u00e9es par les op\u00e9rations de franchissement intercept\u00e9es avec un taux de 43,47%, suivie par le gouvernorat de Tunis avec 26,08%. Un taux qui repr\u00e9sente principalement les op\u00e9rations d&rsquo;infiltration, avort\u00e9es dans les ports. Le FTDES note que le gouvernorat de M\u00e9denine a \u00e9t\u00e9 absent des rapports du minist\u00e8re de l&rsquo;Int\u00e9rieur, entendez de l\u2019interception des op\u00e9rations de franchissement, ce qui sugg\u00e9rerait un taux de r\u00e9ussite de 100% des op\u00e9rations d\u2019immigration \u00e0 partir de ce gouvernorat.<\/span><\/span><\/p>\n<p><span class=\"c3\"><span class=\"c2\"><strong>Explosion des chiffres<\/strong><\/span><\/span><\/p>\n<p><span class=\"c3\"><span class=\"c2\">Par ailleurs, et bien que la Tunisie soit devenue une destination pour de nombreux \u00e9trangers, en particulier les populations de la r\u00e9gion subsaharienne, elle ne reste pas moins une zone de transit pour eux, constate le FTDES. Ainsi, pour le deuxi\u00e8me mois cons\u00e9cutif, le nombre de migrants non tunisiens intercept\u00e9s a continu\u00e9 d&rsquo;augmenter de 60,1%. Dans le m\u00eame cadre, la pr\u00e9sence massive des femmes, avec un taux de participation de 35,1% serait due, toujours d\u2019apr\u00e8s le rapport, \u00e0 la participation des migrantes subsahariennes dans les processus de migration non-r\u00e8glementaire. Sur un autre front, le FTDES a indiqu\u00e9 que le nombre d&rsquo;immigrants tunisiens arriv\u00e9s sur les c\u00f4tes italiennes par bateau en 2020 a \u00e9t\u00e9 multipli\u00e9 par cinq par rapport \u00e0 l\u2019ann\u00e9e 2019, atteignant environ 13 mille migrants clandestins. Ce qui constitue le nombre le plus \u00e9lev\u00e9 depuis 2011, avec toutes les difficult\u00e9s \u00e9conomiques et sociales qui ne cessent de s\u2019amplifier tout au long de ces derni\u00e8res ann\u00e9es. Le Forum pr\u00e9cise que le nombre d&rsquo;immigrants tunisiens arriv\u00e9s ill\u00e9galement en Italie \u00e9tait de 2654 en 2019, et environ 5200 en 2018.Dans le m\u00eame cadre, le rapport constate, que le nombre de mineurs, en particulier ceux sans accompagnement, est en constante augmentation. Parmi les taux les plus \u00e9lev\u00e9, le FTDES a recens\u00e9 pas371 mineurs non accompagn\u00e9s durant le mois de juillet, et 333 durant le mois d\u2019ao\u00fbt. Le FTDES met en garde, dans ce sens, contre une explosion prochaine de la migration dans les rangs des mineurs, et rappelle qu\u2019\u00e0 la lumi\u00e8re des r\u00e9glementations actuelles et des restrictions impos\u00e9es par le gouvernement italien, relatives \u00e0 l\u2019expulsion des migrants et notamment aux tranches d\u2019\u00e2ges fix\u00e9es, les candidats \u00e0 la migration deviendront avec le temps essentiellement des mineurs.<\/span><\/span><\/p>\n<p class=\"c5\"><span class=\"c3\"><span class=\"c2\"><strong>S.B.Y.<\/strong><\/span><\/span><\/p>\n<p>Auteur: letemps1<br \/>\n<a href=\"http:\/\/www.letemps.com.tn\/article\/118971\/les-%C2%AB-harragas-%C2%BB-s%E2%80%99habillent-pour-l%E2%80%99hiver\">Cliquez ici pour lire l&rsquo;article depuis sa source.<\/a><\/p>\n","protected":false},"excerpt":{"rendered":"<p>En face, la Soci\u00e9t\u00e9 civile tunisienne prend plut\u00f4t au s\u00e9rieux cette probl\u00e9matique de la migration clandestine, en s\u2019effor\u00e7ant d\u2019\u00e9tudier, de d\u00e9cortiquer et d\u2019analyser les tenants et aboutissants du ph\u00e9nom\u00e8ne. D\u2019apr\u00e8s le dernier rapport du FTDES (Forum tunisien des droits \u00e9conomiques et sociaux), les vagues de migration \u00ab non-r\u00e9glementaire \u00bb se poursuivent \u00e0 des niveaux records, [&hellip;]<\/p>\n","protected":false},"author":1773,"featured_media":0,"comment_status":"closed","ping_status":"closed","sticky":false,"template":"","format":"standard","meta":{"fifu_image_url":"","fifu_image_alt":"","footnotes":""},"categories":[73,55],"tags":[],"class_list":["post-109517","post","type-post","status-publish","format-standard","hentry","category-actualite","category-tunisie"],"_links":{"self":[{"href":"https:\/\/linitiative.ca\/International\/wp-json\/wp\/v2\/posts\/109517","targetHints":{"allow":["GET"]}}],"collection":[{"href":"https:\/\/linitiative.ca\/International\/wp-json\/wp\/v2\/posts"}],"about":[{"href":"https:\/\/linitiative.ca\/International\/wp-json\/wp\/v2\/types\/post"}],"author":[{"embeddable":true,"href":"https:\/\/linitiative.ca\/International\/wp-json\/wp\/v2\/users\/1773"}],"replies":[{"embeddable":true,"href":"https:\/\/linitiative.ca\/International\/wp-json\/wp\/v2\/comments?post=109517"}],"version-history":[{"count":0,"href":"https:\/\/linitiative.ca\/International\/wp-json\/wp\/v2\/posts\/109517\/revisions"}],"wp:attachment":[{"href":"https:\/\/linitiative.ca\/International\/wp-json\/wp\/v2\/media?parent=109517"}],"wp:term":[{"taxonomy":"category","embeddable":true,"href":"https:\/\/linitiative.ca\/International\/wp-json\/wp\/v2\/categories?post=109517"},{"taxonomy":"post_tag","embeddable":true,"href":"https:\/\/linitiative.ca\/International\/wp-json\/wp\/v2\/tags?post=109517"}],"curies":[{"name":"wp","href":"https:\/\/api.w.org\/{rel}","templated":true}]}}