{"id":109518,"date":"2021-01-18T15:04:32","date_gmt":"2021-01-18T20:04:32","guid":{"rendered":"https:\/\/linitiative.ca\/International\/il-ny-a-pas-de-petites-victoires\/"},"modified":"2021-01-18T15:04:32","modified_gmt":"2021-01-18T20:04:32","slug":"il-ny-a-pas-de-petites-victoires","status":"publish","type":"post","link":"https:\/\/linitiative.ca\/International\/il-ny-a-pas-de-petites-victoires\/","title":{"rendered":"Il n\u2019y a pas de petites victoires\u2026"},"content":{"rendered":"<p><span class=\"c3\"><span class=\"c2\">\u00c7a tournait \u00e0 l\u2019aigre-douce, sous la coupole de l\u2019ARP, comme la petite musique, discordante, d\u2019une mandature, \u00f4 combien controvers\u00e9e ! Mais les choses ont pris une toute autre proportion, et failli \u00e9chapper \u00e0 tout contr\u00f4le, depuis que la violence physique est venue se superposer aux violences verbales au Bardo., lorsque des \u00e9lus d\u2019Al Karama s\u2019en sont pris \u00e0 des \u00e9lus du Bloc D\u00e9mocrate, cr\u00e9ant ainsi une secousse sismique, et pas seulement \u00e0 l\u2019ARP.<\/span><\/span><\/p>\n<p><span class=\"c3\"><span class=\"c2\">Plus que s\u2019y superposer, cette violence est venue se greffer au discours, ouvertement haineux de la coalition -Al Karama-, s\u00fbre, de ne jamais \u00eatre inqui\u00e9t\u00e9e pour ses outrances, et encore moins condamn\u00e9e, par le parti de la pr\u00e9sidence, dont, Makhlouf et associ\u00e9s constituent les enfants \u00ab turbulents \u00bb et ch\u00e9ris, d\u2019un Ghannouchi qui, il n\u2019y a pas si longtemps, \u00e0 moins que l\u2019on ait la m\u00e9moire courte, y reconnaissait, avec nostalgie, sa propre jeunesse. En guise de mod\u00e8le, il faut le reconna\u00eetre, l\u2019on peut trouver mieux\u2026<\/span><\/span><\/p>\n<p><span class=\"c3\"><span class=\"c2\">Fallait-il passer l\u2019\u00e9ponge, lorsque d\u2019autres enjeux, majeurs, sont sur la table des n\u00e9gociations, et que le pays, malmen\u00e9 plus qu\u2019\u00e0 son compte, depuis dix ans, se retrouve aujourd\u2019hui, incontestablement, et selon tous les indicateurs socio-\u00e9conomiques, mais aussi s\u00e9curitaires, \u00e0 son virage le plus dangereux ?<\/span><\/span><\/p>\n<p><span class=\"c3\"><span class=\"c2\">La pr\u00e9sidente du PDL, et par suite, des \u00e9lus du camp d\u00e9mocrate, avaient compris, l\u2019int\u00e9r\u00eat majeur, de d\u00e9noncer ces dangereuses d\u00e9rives, lesquelles pouvaient cr\u00e9er, un pr\u00e9c\u00e9dent, autrement dangereux, et avaient amorc\u00e9s une lutte au \u00ab coude-\u00e0-coude \u00bb, avec le pr\u00e9sident de l\u2019Assembl\u00e9e, pour l\u2019obliger \u00e0 d\u00e9noncer, de fa\u00e7on officielle, les violences perp\u00e9tr\u00e9es par les \u00e9lus d\u2019Al Karama, sur leurs coll\u00e8gues du bloc d\u00e9mocrate. Ce \u00e0 quoi le Sieur Ghannouchi, aura pr\u00e9f\u00e9r\u00e9, d\u2019abord, opposer un \u00ab niet \u00bb glacial et sans appel, en faisant la sourde oreille, et en refusant de se prononcer sur cette grave affaire. Il a manqu\u00e9 qu\u2019un drame soit sur le point de conna\u00eetre son n\u0153ud gordien, pour qu\u2019il se r\u00e9signe, avant-hier, vendredi 15 janvier, \u00e0 enfin, reconna\u00eetre, officiellement, en les condamnant vigoureusement, les \u00e9carts, inadmissibles, de ses alli\u00e9s d\u2019hier : Al Karama. Une condamnation de la violence dont ils ont fait montre, sans concession.<\/span><\/span><\/p>\n<p><span class=\"c3\"><span class=\"c2\">Une premi\u00e8re, dans ce champ truff\u00e9 de mines qu\u2019est devenue l\u2019ARP, depuis que sa pr\u00e9sidence a \u00e9chou\u00e9 \u00e0 Rached Ghannouchi. Une premi\u00e8re, qui vient r\u00e9compenser l\u2019opini\u00e2tret\u00e9 et la pers\u00e9v\u00e9rance d\u2019une Abir Moussi, avec qui on peut ne pas \u00eatre d\u2019accord sur tout, mais dont on ne peut que saluer, la courageuse initiative, d\u2019exiger l\u2019arr\u00eat de la s\u00e9ance qui se d\u00e9roulait alors, devant le danger encouru, par Samia Abbou, qui menait, depuis cinq jours, une gr\u00e8ve de la faim, et dont l\u2019\u00e9tat de sant\u00e9, s\u2019\u00e9tait tr\u00e8s gravement d\u00e9t\u00e9rior\u00e9, selon le m\u00e9decin de l\u2019ARP.<\/span><\/span><\/p>\n<p><span class=\"c3\"><span class=\"c2\">Samia Abbou, ainsi que deux d\u00e9put\u00e9s du m\u00eame bloc, qui \u00e9taient aussi, en gr\u00e8ve de la faim, avaient refus\u00e9 d\u2019\u00eatre hospitalis\u00e9s. Le drame a \u00e9t\u00e9 \u00e9vit\u00e9 de justesse.<\/span><\/span><\/p>\n<p><span class=\"c3\"><span class=\"c2\">Les justes causes, doivent, toujours, avoir le dernier mot\u2026 Ce qui s\u2019est jou\u00e9, ce dernier mois \u00e0 l\u2019ARP \u00e9tait crucial. Une victoire en ram\u00e8nera une autre. L\u2019\u00c9tat de Droit \u00e9tait en jeu.<\/span><\/span><\/p>\n<p>Auteur: letemps1<br \/>\n<a href=\"http:\/\/www.letemps.com.tn\/article\/118972\/il-n%E2%80%99y-pas-de-petites-victoires%E2%80%A6\">Cliquez ici pour lire l&rsquo;article depuis sa source.<\/a><\/p>\n","protected":false},"excerpt":{"rendered":"<p>\u00c7a tournait \u00e0 l\u2019aigre-douce, sous la coupole de l\u2019ARP, comme la petite musique, discordante, d\u2019une mandature, \u00f4 combien controvers\u00e9e ! Mais les choses ont pris une toute autre proportion, et failli \u00e9chapper \u00e0 tout contr\u00f4le, depuis que la violence physique est venue se superposer aux violences verbales au Bardo., lorsque des \u00e9lus d\u2019Al Karama s\u2019en [&hellip;]<\/p>\n","protected":false},"author":1773,"featured_media":0,"comment_status":"closed","ping_status":"closed","sticky":false,"template":"","format":"standard","meta":{"fifu_image_url":"","fifu_image_alt":"","footnotes":""},"categories":[73,55],"tags":[],"class_list":["post-109518","post","type-post","status-publish","format-standard","hentry","category-actualite","category-tunisie"],"_links":{"self":[{"href":"https:\/\/linitiative.ca\/International\/wp-json\/wp\/v2\/posts\/109518","targetHints":{"allow":["GET"]}}],"collection":[{"href":"https:\/\/linitiative.ca\/International\/wp-json\/wp\/v2\/posts"}],"about":[{"href":"https:\/\/linitiative.ca\/International\/wp-json\/wp\/v2\/types\/post"}],"author":[{"embeddable":true,"href":"https:\/\/linitiative.ca\/International\/wp-json\/wp\/v2\/users\/1773"}],"replies":[{"embeddable":true,"href":"https:\/\/linitiative.ca\/International\/wp-json\/wp\/v2\/comments?post=109518"}],"version-history":[{"count":0,"href":"https:\/\/linitiative.ca\/International\/wp-json\/wp\/v2\/posts\/109518\/revisions"}],"wp:attachment":[{"href":"https:\/\/linitiative.ca\/International\/wp-json\/wp\/v2\/media?parent=109518"}],"wp:term":[{"taxonomy":"category","embeddable":true,"href":"https:\/\/linitiative.ca\/International\/wp-json\/wp\/v2\/categories?post=109518"},{"taxonomy":"post_tag","embeddable":true,"href":"https:\/\/linitiative.ca\/International\/wp-json\/wp\/v2\/tags?post=109518"}],"curies":[{"name":"wp","href":"https:\/\/api.w.org\/{rel}","templated":true}]}}